{"id":99604,"date":"2026-03-14T00:00:30","date_gmt":"2026-03-14T03:00:30","guid":{"rendered":"https:\/\/www.radioamigavallenar.cl\/?p=99604"},"modified":"2026-03-14T00:02:20","modified_gmt":"2026-03-14T03:02:20","slug":"municipio-de-copiapo-realizo-jornada-en-terreno-en-la-localidad-de-totoral-y-caleta-totoral","status":"publish","type":"post","link":"https:\/\/www.radioamigavallenar.cl\/?p=99604","title":{"rendered":"Municipio de Copiap\u00f3 realiz\u00f3 jornada en terreno en la localidad de Totoral y Caleta Totoral"},"content":{"rendered":"<p>La intervenci\u00f3n busca avanzar en los compromisos realizados en el Copiap\u00f3 Activo.<\/p>\n<p>&nbsp;<\/p>\n<p>En el marco de los compromisos del programa Copiap\u00f3 Activo, equipos de la Secretar\u00eda Comunal de Planificaci\u00f3n (SECPLA) del Municipio de Copiap\u00f3 realizaron una jornada de trabajo en terreno en la localidad rural de Totoral y en Caleta Totoral. La medida tuvo como objetivo informar avances de gesti\u00f3n y recoger informaci\u00f3n clave para el desarrollo del territorio.<\/p>\n<p>El alcalde de Copiap\u00f3, Maglio Cicardini, afirm\u00f3 que \u201chemos querido dar continuidad a lo comprometido en el Copiap\u00f3 Activo porque uno de los sellos que queremos marcar es la descentralizaci\u00f3n de los servicios y que los equipos est\u00e9n en terreno atendiendo a las necesidades de la comunidad\u201d.<\/p>\n<p>El operativo estuvo orientado a socializar con la comunidad el estado de avance de diversas gestiones vinculadas a proyectos existentes para el sector, adem\u00e1s de levantar informaci\u00f3n territorial y diagn\u00f3stica respecto a las actuales condiciones de infraestructura, equipamiento comunitario y servicios de administraci\u00f3n municipal presentes en la localidad como la posta rural.<\/p>\n<p>Durante la jornada, los equipos municipales realizaron recorridos por el territorio para evaluar en terreno las condiciones de infraestructura indicada por la comunidad, lo que permitir\u00e1 fortalecer el diagn\u00f3stico comunal y proyectar futuras iniciativas orientadas al mejoramiento de la calidad de vida de las vecinas y vecinos.<\/p>\n<p>Asimismo, la visita consider\u00f3 una instancia de di\u00e1logo y coordinaci\u00f3n con la Junta de Vecinos de Totoral, espacio en el que se recogieron inquietudes de la comunidad y se abordaron necesidades prioritarias del sector, con el fin de incorporarlas en los procesos de planificaci\u00f3n municipal.<\/p>\n<p>La presidenta de la Junta de Vecinos de Totoral, Sara Vallejos, agradeci\u00f3 la visita e indic\u00f3 que \u201ces excelente el alcalde mande a todo su equipo para ac\u00e1 a la localidad y nos puedan entregar a la informaci\u00f3n de los resultados que lo que solicitamos en el cabildo de Copiap\u00f3 Activo. Estamos felices de que la gente pueda estar ac\u00e1 y enterarse de los avances\u201d.<\/p>\n<p>La actividad permiti\u00f3 realizar un levantamiento t\u00e9cnico y participativo de las condiciones actuales de la localidad, insumo que ser\u00e1 utilizado para avanzar en la definici\u00f3n de propuestas preliminares de acciones y proyectos que contribuyan a mejorar los servicios, el equipamiento comunitario y el bienestar de la comunidad de Totoral y Caleta Totoral.<\/p>\n","protected":false},"excerpt":{"rendered":"<p>La intervenci\u00f3n busca avanzar en los compromisos realizados en el Copiap\u00f3 Activo. &nbsp; En el marco de los compromisos del programa Copiap\u00f3 Activo, equipos de&hellip; <\/p>\n","protected":false},"author":7,"featured_media":99605,"comment_status":"closed","ping_status":"closed","sticky":false,"template":"","format":"standard","meta":{"footnotes":""},"categories":[38],"tags":[],"class_list":["post-99604","post","type-post","status-publish","format-standard","has-post-thumbnail","hentry","category-portada-regional"],"_links":{"self":[{"href":"https:\/\/www.radioamigavallenar.cl\/index.php?rest_route=\/wp\/v2\/posts\/99604","targetHints":{"allow":["GET"]}}],"collection":[{"href":"https:\/\/www.radioamigavallenar.cl\/index.php?rest_route=\/wp\/v2\/posts"}],"about":[{"href":"https:\/\/www.radioamigavallenar.cl\/index.php?rest_route=\/wp\/v2\/types\/post"}],"author":[{"embeddable":true,"href":"https:\/\/www.radioamigavallenar.cl\/index.php?rest_route=\/wp\/v2\/users\/7"}],"replies":[{"embeddable":true,"href":"https:\/\/www.radioamigavallenar.cl\/index.php?rest_route=%2Fwp%2Fv2%2Fcomments&post=99604"}],"version-history":[{"count":1,"href":"https:\/\/www.radioamigavallenar.cl\/index.php?rest_route=\/wp\/v2\/posts\/99604\/revisions"}],"predecessor-version":[{"id":99606,"href":"https:\/\/www.radioamigavallenar.cl\/index.php?rest_route=\/wp\/v2\/posts\/99604\/revisions\/99606"}],"wp:featuredmedia":[{"embeddable":true,"href":"https:\/\/www.radioamigavallenar.cl\/index.php?rest_route=\/wp\/v2\/media\/99605"}],"wp:attachment":[{"href":"https:\/\/www.radioamigavallenar.cl\/index.php?rest_route=%2Fwp%2Fv2%2Fmedia&parent=99604"}],"wp:term":[{"taxonomy":"category","embeddable":true,"href":"https:\/\/www.radioamigavallenar.cl\/index.php?rest_route=%2Fwp%2Fv2%2Fcategories&post=99604"},{"taxonomy":"post_tag","embeddable":true,"href":"https:\/\/www.radioamigavallenar.cl\/index.php?rest_route=%2Fwp%2Fv2%2Ftags&post=99604"}],"curies":[{"name":"wp","href":"https:\/\/api.w.org\/{rel}","templated":true}]}}