{"id":99597,"date":"2026-03-14T00:00:58","date_gmt":"2026-03-14T03:00:58","guid":{"rendered":"https:\/\/www.radioamigavallenar.cl\/?p=99597"},"modified":"2026-03-14T00:08:55","modified_gmt":"2026-03-14T03:08:55","slug":"campana-vacunacion-2026-medicos-explican-las-5-ideas-equivocadas-mas-comunes-sobre-las-vacunas","status":"publish","type":"post","link":"https:\/\/www.radioamigavallenar.cl\/?p=99597","title":{"rendered":"Campa\u00f1a vacunaci\u00f3n 2026: m\u00e9dicos explican las 5 ideas equivocadas m\u00e1s comunes sobre las vacunas"},"content":{"rendered":"<p dir=\"ltr\"><span data-olk-copy-source=\"MessageBody\">Con el inicio anticipado de la Campa\u00f1a de Vacunaci\u00f3n e Inmunizaci\u00f3n 2026 impulsada por el Ministerio de Salud, especialistas llaman a la poblaci\u00f3n a informarse y resolver dudas frecuentes sobre las vacunas, especialmente ante la circulaci\u00f3n de informaci\u00f3n incompleta o equivocada que puede retrasar la inmunizaci\u00f3n.<\/span><\/p>\n<p dir=\"ltr\">Por segundo a\u00f1o, la campa\u00f1a se adelanta a comienzos de marzo, buscando que los grupos de riesgo est\u00e9n protegidos antes del per\u00edodo de mayor circulaci\u00f3n de virus respiratorios, cuando suelen aumentar las consultas m\u00e9dicas, hospitalizaciones y complicaciones asociadas a enfermedades como influenza, COVID-19 y virus respiratorio sincicial.<\/p>\n<p dir=\"ltr\">En este contexto, desde la Sociedad Chilena de Medicina Familiar (Sochimef) advierten que muchas personas a\u00fan mantienen creencias err\u00f3neas sobre las vacunas.<\/p>\n<p dir=\"ltr\" style=\"text-align: center;\"><strong>IDEAS EQUIVOCADAS FRECUENTES<\/strong><\/p>\n<p dir=\"ltr\">La doctora Javiera Corbal\u00e1n, integrante de Sochimef, se\u00f1ala que parte del desaf\u00edo de las campa\u00f1as de vacunaci\u00f3n no solo consiste en facilitar el acceso, sino tambi\u00e9n en entregar informaci\u00f3n clara que permita tomar decisiones informadas.<\/p>\n<p dir=\"ltr\">Entre las ideas equivocadas que se repiten con frecuencia, explica la especialista, destacan:<\/p>\n<p dir=\"ltr\">1. \u201cSi estoy sano, no necesito vacunarme\u201d<\/p>\n<p dir=\"ltr\">Muchas personas creen que las vacunas solo son necesarias para quienes tienen enfermedades previas. Sin embargo, incluso personas sanas pueden contagiarse, enfermar gravemente o transmitir virus respiratorios a personas m\u00e1s vulnerables.<\/p>\n<p dir=\"ltr\">\u201cLa vacuna est\u00e1 pensada, sobre todo, para evitar hospitalizaciones y muertes debido a una infecci\u00f3n severa por influenza, especialmente en enfermos cr\u00f3nicos, embarazadas, mayores de 65 a\u00f1os y ni\u00f1os menores de 5. Esto no significa que a las personas sanas no les pueda pasar algo grave, solo tienen menor riesgo. Mientras m\u00e1s personas se vacunen, menos virus circulan y protegemos a los m\u00e1s fr\u00e1giles de la comunidad\u201d, detalla Corbal\u00e1n.<\/p>\n<p dir=\"ltr\">2. \u201cDa lo mismo vacunarse en cualquier momento\u201d<\/p>\n<p dir=\"ltr\">Uno de los errores m\u00e1s frecuentes es postergar la vacunaci\u00f3n. La respuesta inmunol\u00f3gica necesita tiempo para desarrollarse, por lo que vacunarse con anticipaci\u00f3n permite llegar protegido al per\u00edodo de mayor riesgo.<\/p>\n<p dir=\"ltr\">En este sentido, la especialista de Sochimef agrega que: \u201cCon la influenza, el \u2018despu\u00e9s lo veo\u2019 suele llegar tarde. El cuerpo demora alrededor de dos semanas en desarrollar la respuesta inmune, y esa protecci\u00f3n se mantiene efectiva entre seis y nueve meses. Por eso insistimos en vacunarse en marzo o abril: as\u00ed llegamos con las defensas en su punto m\u00e1ximo cuando la circulaci\u00f3n viral empieza a aumentar, en vez de arrepentirnos de no haberlo hecho cuando ya estamos con fiebre en la urgencia\u201d.<\/p>\n<p dir=\"ltr\">3. \u201cLas vacunas pueden provocar la enfermedad que intentan prevenir\u201d<\/p>\n<p dir=\"ltr\">Aunque es una preocupaci\u00f3n frecuente, las vacunas utilizadas en las campa\u00f1as de inmunizaci\u00f3n no provocan la enfermedad contra la cual protegen. Lo que s\u00ed puede ocurrir son efectos secundarios leves y transitorios, como dolor en el brazo o malestar general.<\/p>\n<p dir=\"ltr\">\u201cEs frecuente que alguien diga que nunca se enfermaba hasta que se vacun\u00f3. Esto es imposible, porque lo que contiene la vacuna no es un virus capaz de infectar. Es posible que la persona se contagie en contextos de alta circulaci\u00f3n viral, por ejemplo durante operativos de vacunaci\u00f3n. Lo que s\u00ed se puede ver son efectos secundarios leves. Efectos secundarios severos son extremadamente infrecuentes\u201d, detalla Corbal\u00e1n.<\/p>\n<p dir=\"ltr\">4. \u201cSi me vacun\u00e9 el a\u00f1o pasado, no necesito hacerlo nuevamente\u201d<\/p>\n<p dir=\"ltr\">En el caso de virus respiratorios como la influenza, la vacunaci\u00f3n debe repetirse cada a\u00f1o. Esto se debe a que los virus cambian con el tiempo y las vacunas se actualizan para ofrecer protecci\u00f3n frente a las variantes que circulan en cada temporada.<\/p>\n<p dir=\"ltr\">La doctora asegura que \u201ccomo la vacuna va perdiendo su efecto con el tiempo, la recomendaci\u00f3n es vacunarse todos los a\u00f1os. Pero la influenza va mutando. Por eso la vacuna tiene que ajustarse anualmente para combatir las variantes que la OMS y otros expertos prev\u00e9n que circular\u00e1n. La meta es actualizar peri\u00f3dicamente las defensas\u201d.<\/p>\n<p dir=\"ltr\">5. \u201cLas vacunas solo protegen a quien las recibe\u201d<\/p>\n<p dir=\"ltr\">Adem\u00e1s de la protecci\u00f3n individual, la vacunaci\u00f3n contribuye a disminuir la circulaci\u00f3n de virus en la comunidad, reduciendo el riesgo de contagio para personas m\u00e1s vulnerables, como adultos mayores, reci\u00e9n nacidos o pacientes con enfermedades cr\u00f3nicas.<\/p>\n<p dir=\"ltr\">\u201cLa evidencia es contundente: cuando te vacunas, no solo te proteges t\u00fa. Tambi\u00e9n ayudas a reducir circulaci\u00f3n viral en casa, trabajo y comunidad. Eso es la protecci\u00f3n comunitaria: mientras m\u00e1s gente vacunada hay, menos oportunidades tiene el virus de causar cuadros graves en quienes no pueden vacunarse o tienen defensas m\u00e1s bajas. Es un mensaje de solidaridad que podemos transmitir a cualquier familiar o vecino indeciso\u201d, apunta Corbal\u00e1n.<\/p>\n<p dir=\"ltr\"><strong>MEDIDAS COMPLEMENTARIAS<\/strong><\/p>\n<p dir=\"ltr\">Entre las recomendaciones m\u00e1s importantes se encuentran:<\/p>\n<p dir=\"ltr\">\u2022 Mantener una adecuada ventilaci\u00f3n de los espacios cerrados.<br \/>\n\u2022 Lavarse las manos de manera frecuente.<br \/>\n\u2022 Evitar el contacto cercano con personas que presenten s\u00edntomas respiratorios.<br \/>\n\u2022 Utilizar mascarilla en caso de presentar s\u00edntomas o en contextos de alto riesgo.<br \/>\n\u2022 Consultar oportunamente ante fiebre persistente o dificultad respiratoria.<\/p>\n<p dir=\"ltr\">\u201cLa vacuna es pieza clave, pero no la \u00fanica. Ventilar espacios, lavarnos bien las manos, usar mascarilla si tenemos s\u00edntomas y disminuir exposici\u00f3n al tabaco suman capas de protecci\u00f3n para enfrentar mejor los virus respiratorios. Tambi\u00e9n es importante cuidar la red asistencial: optar por el manejo en casa o consultar en atenci\u00f3n primaria ante s\u00edntomas leves, y acudir a urgencia solo frente a signos de alarma\u201d, finaliza la especialista.<\/p>\n","protected":false},"excerpt":{"rendered":"<p>Con el inicio anticipado de la Campa\u00f1a de Vacunaci\u00f3n e Inmunizaci\u00f3n 2026 impulsada por el Ministerio de Salud, especialistas llaman a la poblaci\u00f3n a informarse&hellip; <\/p>\n","protected":false},"author":7,"featured_media":99599,"comment_status":"closed","ping_status":"closed","sticky":false,"template":"","format":"standard","meta":{"footnotes":""},"categories":[38],"tags":[],"class_list":["post-99597","post","type-post","status-publish","format-standard","has-post-thumbnail","hentry","category-portada-regional"],"_links":{"self":[{"href":"https:\/\/www.radioamigavallenar.cl\/index.php?rest_route=\/wp\/v2\/posts\/99597","targetHints":{"allow":["GET"]}}],"collection":[{"href":"https:\/\/www.radioamigavallenar.cl\/index.php?rest_route=\/wp\/v2\/posts"}],"about":[{"href":"https:\/\/www.radioamigavallenar.cl\/index.php?rest_route=\/wp\/v2\/types\/post"}],"author":[{"embeddable":true,"href":"https:\/\/www.radioamigavallenar.cl\/index.php?rest_route=\/wp\/v2\/users\/7"}],"replies":[{"embeddable":true,"href":"https:\/\/www.radioamigavallenar.cl\/index.php?rest_route=%2Fwp%2Fv2%2Fcomments&post=99597"}],"version-history":[{"count":2,"href":"https:\/\/www.radioamigavallenar.cl\/index.php?rest_route=\/wp\/v2\/posts\/99597\/revisions"}],"predecessor-version":[{"id":99600,"href":"https:\/\/www.radioamigavallenar.cl\/index.php?rest_route=\/wp\/v2\/posts\/99597\/revisions\/99600"}],"wp:featuredmedia":[{"embeddable":true,"href":"https:\/\/www.radioamigavallenar.cl\/index.php?rest_route=\/wp\/v2\/media\/99599"}],"wp:attachment":[{"href":"https:\/\/www.radioamigavallenar.cl\/index.php?rest_route=%2Fwp%2Fv2%2Fmedia&parent=99597"}],"wp:term":[{"taxonomy":"category","embeddable":true,"href":"https:\/\/www.radioamigavallenar.cl\/index.php?rest_route=%2Fwp%2Fv2%2Fcategories&post=99597"},{"taxonomy":"post_tag","embeddable":true,"href":"https:\/\/www.radioamigavallenar.cl\/index.php?rest_route=%2Fwp%2Fv2%2Ftags&post=99597"}],"curies":[{"name":"wp","href":"https:\/\/api.w.org\/{rel}","templated":true}]}}