{"id":99593,"date":"2026-03-13T11:58:35","date_gmt":"2026-03-13T14:58:35","guid":{"rendered":"https:\/\/www.radioamigavallenar.cl\/?p=99593"},"modified":"2026-03-13T11:58:35","modified_gmt":"2026-03-13T14:58:35","slug":"ministro-del-trabajo-se-pueden-realizar-perfeccionamientos-en-la-implementacion-de-las-40-horas","status":"publish","type":"post","link":"https:\/\/www.radioamigavallenar.cl\/?p=99593","title":{"rendered":"Ministro del Trabajo: \u00abSe pueden realizar perfeccionamientos en la implementaci\u00f3n\u00bb de las 40 Horas"},"content":{"rendered":"<p>El\u00a0<strong>nuevo ministro del Trabajo, Tom\u00e1s Rau,<\/strong>\u00a0que la nueva administraci\u00f3n est\u00e1 \u201crevisando\u201d lo relacionado a la ley de las 40 Horas.<\/p>\n<p>Al respecto, la autoridad dej\u00f3 ver que desde el gobierno de Jos\u00e9 Antonio Kast no buscan desacer la ley aprobada durante la anterior administraci\u00f3n de Gabriel Boric, sino que apuntan a perfeccionar su aplicaci\u00f3n, ad portas de una nueva rebaja del horario laboral el 26 de abril hasta las 42 horas semanales.<\/p>\n<p>Seg\u00fan explic\u00f3 el ministro Rau, tras la salida del primer consejo de gabinete, <span class=\"destacador destacado\">\u201cla verdad es que estamos revisando -las 40 Horas-. Nostros tenemos que,\u00a0<strong>obviamente, respetar la ley, el cronograma,<\/strong>\u00a0pero se pueden realizar ciertos perfeccionamientos en la implementaci\u00f3n\u201d<\/span>.<\/p>\n<h2 style=\"text-align: center;\">Ministro del Trabajo por revisi\u00f3n de las 40 Horas<\/h2>\n<p>Las declaraciones sobre el an\u00e1lisis a la ley de rebaja del horario de trabajo ha levantado opiniones contrapuestas.<\/p>\n<p>Mientras desde el mundo de las pymes apuntan a la necesidad de revisar los pronunciamientos de la Direcci\u00f3n del Trabajo (DT) para evitar interpretaciones contrapuestas o que confunden a empleadores, desde la CUT afirmaron que no hay claridad sobre las medidas que busca tomar el Ejecutivo, y que \u201ces un conflicto que se van a ganar gratis\u201d en pleno arranque de este nuevo per\u00edodo pol\u00edtico.<\/p>\n<p>Bajo este contexto,\u00a0<span class=\"destacador destacado\">el jefe de la cartera del Trabajo asegur\u00f3 que \u201cel 2028, cuando ya las 40 Horas est\u00e9n instaldas en su totalidad,\u00a0<strong>no vamos a estar hablando de esto\u201d<\/strong><\/span><strong>.<\/strong><\/p>\n<p>Al ser consultado por La Radio sobre si se presentar\u00e1 alg\u00fan proyecto al Congreso para modificar aspectos de las 40 Horas, la autoridad se limit\u00f3 a reiterar que \u201cestamos revisando las los aspectos de mejora para su correcta implementaci\u00f3n\u00a0<strong>en el cronograma que est\u00e1 establecido en la ley\u201d.<\/strong><\/p>\n","protected":false},"excerpt":{"rendered":"<p>El\u00a0nuevo ministro del Trabajo, Tom\u00e1s Rau,\u00a0que la nueva administraci\u00f3n est\u00e1 \u201crevisando\u201d lo relacionado a la ley de las 40 Horas. Al respecto, la autoridad dej\u00f3&hellip; <\/p>\n","protected":false},"author":7,"featured_media":99594,"comment_status":"closed","ping_status":"closed","sticky":false,"template":"","format":"standard","meta":{"footnotes":""},"categories":[37],"tags":[],"class_list":["post-99593","post","type-post","status-publish","format-standard","has-post-thumbnail","hentry","category-nacional"],"_links":{"self":[{"href":"https:\/\/www.radioamigavallenar.cl\/index.php?rest_route=\/wp\/v2\/posts\/99593","targetHints":{"allow":["GET"]}}],"collection":[{"href":"https:\/\/www.radioamigavallenar.cl\/index.php?rest_route=\/wp\/v2\/posts"}],"about":[{"href":"https:\/\/www.radioamigavallenar.cl\/index.php?rest_route=\/wp\/v2\/types\/post"}],"author":[{"embeddable":true,"href":"https:\/\/www.radioamigavallenar.cl\/index.php?rest_route=\/wp\/v2\/users\/7"}],"replies":[{"embeddable":true,"href":"https:\/\/www.radioamigavallenar.cl\/index.php?rest_route=%2Fwp%2Fv2%2Fcomments&post=99593"}],"version-history":[{"count":1,"href":"https:\/\/www.radioamigavallenar.cl\/index.php?rest_route=\/wp\/v2\/posts\/99593\/revisions"}],"predecessor-version":[{"id":99595,"href":"https:\/\/www.radioamigavallenar.cl\/index.php?rest_route=\/wp\/v2\/posts\/99593\/revisions\/99595"}],"wp:featuredmedia":[{"embeddable":true,"href":"https:\/\/www.radioamigavallenar.cl\/index.php?rest_route=\/wp\/v2\/media\/99594"}],"wp:attachment":[{"href":"https:\/\/www.radioamigavallenar.cl\/index.php?rest_route=%2Fwp%2Fv2%2Fmedia&parent=99593"}],"wp:term":[{"taxonomy":"category","embeddable":true,"href":"https:\/\/www.radioamigavallenar.cl\/index.php?rest_route=%2Fwp%2Fv2%2Fcategories&post=99593"},{"taxonomy":"post_tag","embeddable":true,"href":"https:\/\/www.radioamigavallenar.cl\/index.php?rest_route=%2Fwp%2Fv2%2Ftags&post=99593"}],"curies":[{"name":"wp","href":"https:\/\/api.w.org\/{rel}","templated":true}]}}