{"id":99587,"date":"2026-03-13T11:55:55","date_gmt":"2026-03-13T14:55:55","guid":{"rendered":"https:\/\/www.radioamigavallenar.cl\/?p=99587"},"modified":"2026-03-13T11:56:27","modified_gmt":"2026-03-13T14:56:27","slug":"gobierno-y-senado-fijan-sala-cuna-como-prioridad-legislativa-pero-advierten-problemas-de-financiamiento","status":"publish","type":"post","link":"https:\/\/www.radioamigavallenar.cl\/?p=99587","title":{"rendered":"Gobierno y Senado fijan Sala Cuna como \u00abprioridad legislativa\u00bb pero advierten problemas de financiamiento"},"content":{"rendered":"<p>El Gobierno del Presidente Jos\u00e9 Antonio Kast\u00a0<strong>fij\u00f3 como prioridad el proyecto de Sala Cuna Universal<\/strong>, pero advierten \u00abdesacuerdos\u00bb por su financiamiento.<\/p>\n<p>El ministro Secretario General de la Presidencia (Segpres), <strong>Jos\u00e9 Garc\u00eda Ruminot<\/strong>, se\u00f1al\u00f3 sobre el proyecto que \u00abm\u00e1s que lo pol\u00edtico, los desacuerdos son en materia financiera\u00bb.<\/p>\n<p>En esa l\u00ednea, asegur\u00f3 que el proyecto deber\u00e1 analizarse por su impacto fiscal. Ruminot apunt\u00f3 que \u00ablo vamos a revisar porque tiene un costo fiscal que es importante.<strong>\u00a0No hay plata\u00bb.<\/strong><\/p>\n<p>El ministro Segpres afirm\u00f3 que pese a eso, el proyecto \u00abes una de las iniciativas que est\u00e1 en el programa de Gobierno del Presidente Jos\u00e9 Antonio Kast,\u00a0<strong>nos interesa aprobarlo, pero que est\u00e9 debidamente financiado\u00bb.<\/strong><\/p>\n<p>Misma posici\u00f3n tom\u00f3 el\u00a0<strong>Presidente Jos\u00e9 Antonio Kast,<\/strong>\u00a0quien mencion\u00f3 a CNN Chile que sacar adelante la iniciativa\u00a0<strong>\u00abva a depender de c\u00f3mo est\u00e9n nuestras finanzas p\u00fablicas,\u00a0<\/strong>porque lo que hemos recibido es muy distinto a lo que esper\u00e1bamos. Y eso lo han dicho entidades independientes, el Consejo Fiscal Aut\u00f3nomo\u00bb.<\/p>\n<p>Agreg\u00f3 que es fundamental avanzar en el proyecto y que se har\u00e1 \u00abtodo lo posible por hacerlo\u00bb.<\/p>\n<p>Asimismo, desde el Senado, la presidenta\u00a0<strong>Paulina N\u00fa\u00f1ez<\/strong>\u00a0(RN) se\u00f1al\u00f3 en Radio Cooperativa que \u00abel proyecto de Sala Cuna universal\u00a0<strong>debe ser una de las prioridades legislativas\u00bb.<\/strong><\/p>\n<p>N\u00fa\u00f1ez apunt\u00f3 que la iniciativa no puede seguir posterg\u00e1ndose y se\u00f1al\u00f3 que a modo personal, \u00abpara m\u00ed es muy sentido: llevo siete a\u00f1os en la Comisi\u00f3n de Mujer y Equidad de G\u00e9nero, particip\u00e9 de la discusi\u00f3n en la Comisi\u00f3n de Educaci\u00f3n<strong>\u00a0e hice todos los esfuerzos en los \u00faltimos d\u00edas de la administraci\u00f3n anterior para que pudiera ver la luz\u00bb.<\/strong><\/p>\n<p>En ese sentido, urgi\u00f3 que \u00absi el Gobierno se va a fijar un plazo de 90 d\u00edas para sacar adelante proyectos prioritarios,\u00a0<strong>evidentemente que Sala Cuna no puede esperar\u00bb.<\/strong><\/p>\n<p>Misma posici\u00f3n tiene el vicepresidente del Senado,\u00a0<strong>Iv\u00e1n Moreira\u00a0<\/strong>(UDI), quien esta ma\u00f1ana se\u00f1al\u00f3 en Radio Pauta que \u00ablo importante es que<strong>\u00a0en el primer semestre salga Sala Cuna\u00bb.<\/strong><\/p>\n<p>Sin embargo, tambi\u00e9n advirti\u00f3 reparos a la iniciativa: \u00abAhora, Sala Cuna tiene dos problemas. Primero, el gobierno anterior se puso las pilas a semanas de terminar su periodo presidencial. Segundo,\u00a0<strong>es un proyecto que no tiene financiamiento y no podemos ser irresponsables con los recursos del Estado\u00bb.<\/strong><\/p>\n<p>&nbsp;<\/p>\n<h2 style=\"text-align: center;\"><strong>Sala Cuna Universal<\/strong><\/h2>\n<p>&nbsp;<\/p>\n<p>El proyecto de Sala Cuna para Chile fue\u00a0<strong>una de las principales iniciativas impulsadas por el gobierno de Gabriel Boric<\/strong>\u00a0y que fue ingresada al Senado a fines de 2022, hace m\u00e1s de tres a\u00f1os.<\/p>\n<p>En noviembre del a\u00f1o pasado, la iniciativa fue discutida y aprobada en la comisi\u00f3n de Trabajo y Previsi\u00f3n Social, lo cual dio a paso a que<strong>\u00a0fuera enviada a la comisi\u00f3n de Educaci\u00f3n.<\/strong><\/p>\n<p>En aquella instancia, se elimin\u00f3 el requisito de contar con 20 trabajadoras para generar el derecho a sala cuna, se aprob\u00f3 la creaci\u00f3n del Fondo de Sala Cuna de financiamiento mixto entre el Estado y los empleadores y la creaci\u00f3n de una Comisi\u00f3n T\u00e9cnica encargada de elaborar un informe que determine el monto del aporte de sala cuna, asegurando la sostenibilidad financiera del Fondo.<\/p>\n<p>Cabe recordar que la Comisi\u00f3n de Educaci\u00f3n del Senado acord\u00f3 abrir un plazo para la\u00a0<strong>presentaci\u00f3n de indicaciones hasta el pr\u00f3ximo 30 de marzo<\/strong>, lo que permitir\u00e1 que sea la reci\u00e9n instala composici\u00f3n del Congreso la que contin\u00fae la tramitaci\u00f3n del proyecto.<\/p>\n<p>Pese a los esfuerzos de la administraci\u00f3n de Boric por intentar aprobar el proyecto antes del fin del mandato,\u00a0<strong>no se logr\u00f3.<\/strong>\u00a0Incluso, en su \u00faltimo discurso por cadena nacional, el ex Mandatario asegur\u00f3 que\u00a0<strong>le doli\u00f3 \u00abespecialmente\u00bb no sacar adelante Sala Cuna para Chile\u00a0<\/strong>y el proyecto de condonaci\u00f3n del CAE.<\/p>\n<p>\u00abEn ambos proyectos, pese a haber tenido consenso t\u00e9cnico, no logramos el consenso pol\u00edtico.\u00a0<strong>Espero que no cejemos en la voluntad por sacarlos adelante, porque Chile los necesita\u00bb,<\/strong>\u00a0enfatiz\u00f3.<\/p>\n","protected":false},"excerpt":{"rendered":"<p>El Gobierno del Presidente Jos\u00e9 Antonio Kast\u00a0fij\u00f3 como prioridad el proyecto de Sala Cuna Universal, pero advierten \u00abdesacuerdos\u00bb por su financiamiento. El ministro Secretario General&hellip; <\/p>\n","protected":false},"author":7,"featured_media":99589,"comment_status":"closed","ping_status":"closed","sticky":false,"template":"","format":"standard","meta":{"footnotes":""},"categories":[37],"tags":[],"class_list":["post-99587","post","type-post","status-publish","format-standard","has-post-thumbnail","hentry","category-nacional"],"_links":{"self":[{"href":"https:\/\/www.radioamigavallenar.cl\/index.php?rest_route=\/wp\/v2\/posts\/99587","targetHints":{"allow":["GET"]}}],"collection":[{"href":"https:\/\/www.radioamigavallenar.cl\/index.php?rest_route=\/wp\/v2\/posts"}],"about":[{"href":"https:\/\/www.radioamigavallenar.cl\/index.php?rest_route=\/wp\/v2\/types\/post"}],"author":[{"embeddable":true,"href":"https:\/\/www.radioamigavallenar.cl\/index.php?rest_route=\/wp\/v2\/users\/7"}],"replies":[{"embeddable":true,"href":"https:\/\/www.radioamigavallenar.cl\/index.php?rest_route=%2Fwp%2Fv2%2Fcomments&post=99587"}],"version-history":[{"count":4,"href":"https:\/\/www.radioamigavallenar.cl\/index.php?rest_route=\/wp\/v2\/posts\/99587\/revisions"}],"predecessor-version":[{"id":99592,"href":"https:\/\/www.radioamigavallenar.cl\/index.php?rest_route=\/wp\/v2\/posts\/99587\/revisions\/99592"}],"wp:featuredmedia":[{"embeddable":true,"href":"https:\/\/www.radioamigavallenar.cl\/index.php?rest_route=\/wp\/v2\/media\/99589"}],"wp:attachment":[{"href":"https:\/\/www.radioamigavallenar.cl\/index.php?rest_route=%2Fwp%2Fv2%2Fmedia&parent=99587"}],"wp:term":[{"taxonomy":"category","embeddable":true,"href":"https:\/\/www.radioamigavallenar.cl\/index.php?rest_route=%2Fwp%2Fv2%2Fcategories&post=99587"},{"taxonomy":"post_tag","embeddable":true,"href":"https:\/\/www.radioamigavallenar.cl\/index.php?rest_route=%2Fwp%2Fv2%2Ftags&post=99587"}],"curies":[{"name":"wp","href":"https:\/\/api.w.org\/{rel}","templated":true}]}}