{"id":99584,"date":"2026-03-13T11:26:22","date_gmt":"2026-03-13T14:26:22","guid":{"rendered":"https:\/\/www.radioamigavallenar.cl\/?p=99584"},"modified":"2026-03-13T11:26:22","modified_gmt":"2026-03-13T14:26:22","slug":"apoyo-del-gobierno-a-candidatura-de-bachelet-a-la-onu-se-diluye-mientras-el-ps-presiona-a-kast","status":"publish","type":"post","link":"https:\/\/www.radioamigavallenar.cl\/?p=99584","title":{"rendered":"Apoyo del Gobierno a candidatura de Bachelet a la ONU se diluye, mientras el PS presiona a Kast"},"content":{"rendered":"<p>El apoyo del Gobierno a la candidatura de la\u00a0<strong>expresidenta Michelle Bachelet<\/strong>\u00a0para liderar la Organizaci\u00f3n de las Naciones Unidas (ONU) contin\u00faa perdiendo fuerza\u00a0<strong>en medio de presiones del Partido Socialista de Chile (PS) y se\u00f1ales de cautela desde La Moneda,\u00a0<\/strong>mientras el presidente Jos\u00e9 Antonio Kast mantiene en suspenso la definici\u00f3n oficial.<\/p>\n<p>La\u00a0<strong>vocera de Gobierno, Mara Sedini,<\/strong>\u00a0adelant\u00f3 en entrevista con\u00a0<a href=\"https:\/\/www.infinita.cl\/\" target=\"_blank\" rel=\"noopener\">Radio Infinita<\/a>\u00a0que el mandatario dar\u00e1 a conocer su decisi\u00f3n \u201cen un plazo cercano\u201d. Sin embargo, desde el Ejecutivo no han despejado las dudas sobre si Chile respaldar\u00e1 finalmente la postulaci\u00f3n de la exmandataria a la secretar\u00eda general del organismo internacional.<\/p>\n<p>En entrevista con\u00a0<a href=\"https:\/\/www.cnnchile.com\/lodijeronencnn\/presidente-kast-y-la-candidatura-de-bachelet-a-la-secretaria-general-de-las-naciones-unidas-vamos-a-ver-quienes-mas-estan-postulando_20260312\/\" target=\"_blank\" rel=\"noopener\">CNN Chile,\u00a0<\/a><strong>el propio presidente Jos\u00e9 Antonio Kast asegur\u00f3 que la decisi\u00f3n del Gobierno ya est\u00e1 \u201cavanzada\u201d y que ser\u00e1 comunicada en las pr\u00f3ximas semanas.<\/strong><\/p>\n<p>No obstante, el mandatario extendi\u00f3 la incertidumbre al se\u00f1alar que\u00a0<strong>tambi\u00e9n se estar\u00edan evaluando las posibilidades de otras candidaturas para encabezar la Organizaci\u00f3n de las Naciones Unidas,<\/strong>\u00a0lo que en el mundo pol\u00edtico se interpreta como una se\u00f1al de que el respaldo de Chile a Bachelet sigue diluy\u00e9ndose.<\/p>\n<p>Desde el inicio del debate, Kast ha cuestionado que una definici\u00f3n de este tipo se adoptara sin una consulta interna m\u00e1s amplia entre las fuerzas pol\u00edticas del pa\u00eds. Por lo mismo, el jefe de Estado indic\u00f3 que, tras asumir el pasado 11 de marzo, evaluar\u00eda el tema antes de fijar una postura.<\/p>\n<p>En el oficialismo,\u00a0<strong>el diputado republicano Stephan Schubert\u00a0<\/strong>se\u00f1al\u00f3 que las posibilidades de \u00e9xito de Bachelet se han ido complejizando en el escenario internacional.<\/p>\n<p>\u201cEso yo creo que dificulta bastante la candidatura de la expresidenta. Esperaremos entonces lo que el presidente de la Rep\u00fablica se\u00f1ale y confiamos en que va a ser lo mejor para los intereses de nuestro pa\u00eds\u201d, sostuvo.<\/p>\n<h2 style=\"text-align: center;\">Divisiones en la derecha por postura de Kast ante candidatura de Bachelet a la ONU<\/h2>\n<p>La eventual definici\u00f3n tambi\u00e9n ha generado posturas divididas en la derecha. Aunque existen voces contrarias a respaldar a la exmandataria, algunos parlamentarios se han mostrado abiertos a apoyarla, entre ellos los senadores Iv\u00e1n Moreira y Manuel Jos\u00e9 Ossand\u00f3n.<\/p>\n<p><strong>Desde Renovaci\u00f3n Nacional, la diputada Ximena Ossand\u00f3n<\/strong>\u00a0plante\u00f3 que respaldar la candidatura podr\u00eda interpretarse como un gesto hacia el Socialismo Democr\u00e1tico, sector considerado clave para impulsar la agenda legislativa del nuevo gobierno.<\/p>\n<p>\u201cSiempre he sido de la posici\u00f3n de que ojal\u00e1 lo hiciera para hacer un signo, un gesto hacia el socialismo democr\u00e1tico, donde Michelle Bachelet es tan valorada y si despu\u00e9s la candidatura no termina siendo exitosa, bueno, no es problema del Gobierno de Chile\u201d, afirm\u00f3.<\/p>\n<h2 style=\"text-align: center;\">Presi\u00f3n del PS<\/h2>\n<p>En paralelo, el Partido Socialista de Chile intensific\u00f3 sus gestiones para asegurar el respaldo de Chile a la candidatura. Este jueves, parte de su directiva acudi\u00f3 a la embajada de M\u00e9xico en el pa\u00eds, una de las naciones que ya ha expresado su apoyo a Bachelet.<\/p>\n<p>Seg\u00fan trascendi\u00f3, durante el encuentro representantes mexicanos reiteraron que mantendr\u00e1n su respaldo a la exmandataria hasta el final del proceso.<\/p>\n<p>En ese contexto,\u00a0<strong>el senador Juan Luis Castro y la presidenta del PS, Paulina Vodanovic,\u00a0<\/strong>emplazaron al mandatario a mantener el respaldo a la candidatura como una pol\u00edtica de Estado.<\/p>\n<p>\u201cEsperamos que aqu\u00ed, en esta \u2014no quiero decir prueba de fuego\u2014, pero es un momento de decisiones muy relevantes que el presidente Kast tiene que tomar y ojal\u00e1 act\u00fae en consecuencia a una decisi\u00f3n de Estado\u201d, afirm\u00f3 Castro.<\/p>\n<p>Por su parte, Vodanovic se\u00f1al\u00f3 que \u201cel presidente Kast tiene la oportunidad de demostrar que Chile est\u00e1 primero\u201d.<\/p>\n","protected":false},"excerpt":{"rendered":"<p>El apoyo del Gobierno a la candidatura de la\u00a0expresidenta Michelle Bachelet\u00a0para liderar la Organizaci\u00f3n de las Naciones Unidas (ONU) contin\u00faa perdiendo fuerza\u00a0en medio de presiones&hellip; <\/p>\n","protected":false},"author":7,"featured_media":99585,"comment_status":"closed","ping_status":"closed","sticky":false,"template":"","format":"standard","meta":{"footnotes":""},"categories":[37],"tags":[],"class_list":["post-99584","post","type-post","status-publish","format-standard","has-post-thumbnail","hentry","category-nacional"],"_links":{"self":[{"href":"https:\/\/www.radioamigavallenar.cl\/index.php?rest_route=\/wp\/v2\/posts\/99584","targetHints":{"allow":["GET"]}}],"collection":[{"href":"https:\/\/www.radioamigavallenar.cl\/index.php?rest_route=\/wp\/v2\/posts"}],"about":[{"href":"https:\/\/www.radioamigavallenar.cl\/index.php?rest_route=\/wp\/v2\/types\/post"}],"author":[{"embeddable":true,"href":"https:\/\/www.radioamigavallenar.cl\/index.php?rest_route=\/wp\/v2\/users\/7"}],"replies":[{"embeddable":true,"href":"https:\/\/www.radioamigavallenar.cl\/index.php?rest_route=%2Fwp%2Fv2%2Fcomments&post=99584"}],"version-history":[{"count":1,"href":"https:\/\/www.radioamigavallenar.cl\/index.php?rest_route=\/wp\/v2\/posts\/99584\/revisions"}],"predecessor-version":[{"id":99586,"href":"https:\/\/www.radioamigavallenar.cl\/index.php?rest_route=\/wp\/v2\/posts\/99584\/revisions\/99586"}],"wp:featuredmedia":[{"embeddable":true,"href":"https:\/\/www.radioamigavallenar.cl\/index.php?rest_route=\/wp\/v2\/media\/99585"}],"wp:attachment":[{"href":"https:\/\/www.radioamigavallenar.cl\/index.php?rest_route=%2Fwp%2Fv2%2Fmedia&parent=99584"}],"wp:term":[{"taxonomy":"category","embeddable":true,"href":"https:\/\/www.radioamigavallenar.cl\/index.php?rest_route=%2Fwp%2Fv2%2Fcategories&post=99584"},{"taxonomy":"post_tag","embeddable":true,"href":"https:\/\/www.radioamigavallenar.cl\/index.php?rest_route=%2Fwp%2Fv2%2Ftags&post=99584"}],"curies":[{"name":"wp","href":"https:\/\/api.w.org\/{rel}","templated":true}]}}