{"id":99581,"date":"2026-03-13T10:16:02","date_gmt":"2026-03-13T13:16:02","guid":{"rendered":"https:\/\/www.radioamigavallenar.cl\/?p=99581"},"modified":"2026-03-13T11:17:21","modified_gmt":"2026-03-13T14:17:21","slug":"me-parece-ridiculo-mulet-frvs-fustiga-anuncio-de-oficio-de-manouchehri-por-almuerzo-de-adriasola","status":"publish","type":"post","link":"https:\/\/www.radioamigavallenar.cl\/?p=99581","title":{"rendered":"\u00abMe parece rid\u00edculo\u00bb: Mulet (FRVS) fustiga anuncio de oficio de Manouchehri por almuerzo de Adriasola"},"content":{"rendered":"<p>El diputado\u00a0<strong>Jaime Mulet (FRVS)<\/strong>\u00a0calific\u00f3 como\u00a0<strong>\u201crid\u00edculo\u201d<\/strong>\u00a0el oficio anunciado por el parlamentario socialista,\u00a0<strong>Daniel Manouchehri<\/strong>, por la forma en que la primera dama\u00a0<strong>Mar\u00eda P\u00eda Adriasola<\/strong>\u00a0sirvi\u00f3 ayer jueves un almuerzo a funcionarios en La Moneda.<\/p>\n<p>\u201cEl anuncio de los parlamentarios\u00a0<strong>me parece excesivo, rid\u00edculo de alguna manera<\/strong>. La se\u00f1ora del presidente si hizo ese gesto, seguramente, fue un gesto para ponerse a disposici\u00f3n de todas las personas. En fin, un gesto comunicacional\u201d, opin\u00f3 el legislador.<\/p>\n<h2 style=\"text-align: center;\">Mulet (FRVS) fustiga anuncio de oficio de Manouchehri por almuerzo de Adriasola<\/h2>\n<p>\u201cEs lo mismo que algunos criticaban a Boric cuando se subi\u00f3 al auto y no s\u00e9 si no se puso el cintur\u00f3n de seguridad\u201d, compar\u00f3 en di\u00e1logo con\u00a0<a href=\"https:\/\/www.youtube.com\/watch?v=tDdvnVwGv2U\" target=\"_blank\" rel=\"noopener\">Radio Agricultura<\/a>.<\/p>\n<p>Mulet dijo que hab\u00eda situaciones que m\u00e1s bien correspond\u00edan a hechos de car\u00e1cter muy peque\u00f1o, y \u201c<strong>armar un discurso pol\u00edtico sobre eso<\/strong>, a m\u00ed no me parece\u201d.<\/p>\n<p>\u201cEse tipo de oposici\u00f3n creo que igual puede llamar la atenci\u00f3n, pero llamar a la Contralor\u00eda, armar un incidente porque la se\u00f1ora no se puso guantes\u2026\u00a0<strong>La verdad es que me parece rid\u00edculo<\/strong>\u00a0(\u2026) armar un incidente pol\u00edtico de eso a m\u00ed no me parece\u201d, recalc\u00f3.<\/p>\n<h2 style=\"text-align: center;\">Pacto por presidencia de la C\u00e1mara<\/h2>\n<p>El legislador abord\u00f3 tambi\u00e9n el trascendido respecto a su no respaldo hacia el acuerdo que contemplaba el apoyo oficialista y de parte del Partido de la Gente (PDG) a la candidatura de Pamela Jiles a la presidencia la C\u00e1mara de Diputados.<\/p>\n<p>Recordemos que, finalmente, el cargo qued\u00f3 en manos de Jorge Alessandri (UDI). Sobre ello, Mulet indic\u00f3 que este entendimiento con el PDG no le parec\u00eda.<\/p>\n<p>\u201cUn partido que tengo mucho respeto, pero creo que\u00a0<strong>no era el camino apropiado<\/strong>. Era como juntar lo que sea para oponerse a un acuerdo m\u00e1s amplio\u201d, sostuvo.<\/p>\n<p>\u201cHay quienes creemos que hay que hacer una pol\u00edtica m\u00e1s constructiva (\u2026) creo que al pa\u00eds en este momento le hac\u00eda falta un acuerdo m\u00e1s transversal\u201d, agreg\u00f3.<\/p>\n<p>Asimismo, el diputado de la Federaci\u00f3n Regionalista Verde Social afirm\u00f3 que hab\u00eda sido muy transparente con su accionar.\u00a0<span class=\"destacador destacado\">\u201cYo no firm\u00e9 ning\u00fan acuerdo ni di mi consentimiento para un acuerdo con el PDG\u201d<\/span>, asever\u00f3.<\/p>\n<p>A\u00f1adiendo que antes de oficializar su votaci\u00f3n, le comunic\u00f3 su posici\u00f3n al jefe de bancada de la DC, a la Democracia Cristiana, al Partido Socialista, y a su presidencia. Esto \u201ccon total transparencia, de manera que no hay, dir\u00eda yo, un\u00a0<strong>reproche<\/strong>\u201c.<\/p>\n","protected":false},"excerpt":{"rendered":"<p>El diputado\u00a0Jaime Mulet (FRVS)\u00a0calific\u00f3 como\u00a0\u201crid\u00edculo\u201d\u00a0el oficio anunciado por el parlamentario socialista,\u00a0Daniel Manouchehri, por la forma en que la primera dama\u00a0Mar\u00eda P\u00eda Adriasola\u00a0sirvi\u00f3 ayer jueves un&hellip; <\/p>\n","protected":false},"author":7,"featured_media":99582,"comment_status":"closed","ping_status":"closed","sticky":false,"template":"","format":"standard","meta":{"footnotes":""},"categories":[7],"tags":[],"class_list":["post-99581","post","type-post","status-publish","format-standard","has-post-thumbnail","hentry","category-atacama"],"_links":{"self":[{"href":"https:\/\/www.radioamigavallenar.cl\/index.php?rest_route=\/wp\/v2\/posts\/99581","targetHints":{"allow":["GET"]}}],"collection":[{"href":"https:\/\/www.radioamigavallenar.cl\/index.php?rest_route=\/wp\/v2\/posts"}],"about":[{"href":"https:\/\/www.radioamigavallenar.cl\/index.php?rest_route=\/wp\/v2\/types\/post"}],"author":[{"embeddable":true,"href":"https:\/\/www.radioamigavallenar.cl\/index.php?rest_route=\/wp\/v2\/users\/7"}],"replies":[{"embeddable":true,"href":"https:\/\/www.radioamigavallenar.cl\/index.php?rest_route=%2Fwp%2Fv2%2Fcomments&post=99581"}],"version-history":[{"count":1,"href":"https:\/\/www.radioamigavallenar.cl\/index.php?rest_route=\/wp\/v2\/posts\/99581\/revisions"}],"predecessor-version":[{"id":99583,"href":"https:\/\/www.radioamigavallenar.cl\/index.php?rest_route=\/wp\/v2\/posts\/99581\/revisions\/99583"}],"wp:featuredmedia":[{"embeddable":true,"href":"https:\/\/www.radioamigavallenar.cl\/index.php?rest_route=\/wp\/v2\/media\/99582"}],"wp:attachment":[{"href":"https:\/\/www.radioamigavallenar.cl\/index.php?rest_route=%2Fwp%2Fv2%2Fmedia&parent=99581"}],"wp:term":[{"taxonomy":"category","embeddable":true,"href":"https:\/\/www.radioamigavallenar.cl\/index.php?rest_route=%2Fwp%2Fv2%2Fcategories&post=99581"},{"taxonomy":"post_tag","embeddable":true,"href":"https:\/\/www.radioamigavallenar.cl\/index.php?rest_route=%2Fwp%2Fv2%2Ftags&post=99581"}],"curies":[{"name":"wp","href":"https:\/\/api.w.org\/{rel}","templated":true}]}}