{"id":99579,"date":"2026-03-13T11:12:21","date_gmt":"2026-03-13T14:12:21","guid":{"rendered":"https:\/\/www.radioamigavallenar.cl\/?p=99579"},"modified":"2026-03-13T11:12:21","modified_gmt":"2026-03-13T14:12:21","slug":"sismo-de-magnitud-65-se-siente-con-gran-intensidad-entre-atacama-coquimbo-y-valparaiso","status":"publish","type":"post","link":"https:\/\/www.radioamigavallenar.cl\/?p=99579","title":{"rendered":"Sismo de magnitud 6,5 se siente con gran intensidad entre Atacama, Coquimbo y Valpara\u00edso"},"content":{"rendered":"<p>Un fuerte sismo se registr\u00f3 la ma\u00f1ana de este viernes en la zona Sur de la regi\u00f3n de Atacama, , generando alarma entre la poblaci\u00f3n debido a su intensidad y prolongada duraci\u00f3n. El movimiento tel\u00farico fue percibido\u00a0<strong>con gran fuerza entre ambas regiones\u00a0<\/strong>, mientras que tambi\u00e9n se report\u00f3 su percepci\u00f3n en sectores de la regi\u00f3n de Valpara\u00edso.<\/p>\n<p>De acuerdo con la actualizaci\u00f3n entregada por el Centro Sismol\u00f3gico Nacional de la Universidad de Chile, el evento ocurri\u00f3 a las 10:39 horas y alcanz\u00f3 una\u00a0<strong>magnitud de 6,5<\/strong>, con epicentro ubicado a\u00a0<strong>43 kil\u00f3metros al suroeste de Huasco<\/strong>\u00a0y a una profundidad de\u00a0<strong>28 kil\u00f3metros<\/strong>.<\/p>\n<div class=\"code-block code-block-5\">\n<div id=\"sas_99435\"><\/div>\n<\/div>\n<p>El temblor destac\u00f3 adem\u00e1s por su duraci\u00f3n, que se extendi\u00f3 por varios minutos ( casi 4 minutos) y fue ampliamente percibido por habitantes del norte chico, quienes reportaron un movimiento intenso y prolongado en distintas comunas.<\/p>\n<p>Seg\u00fan informaci\u00f3n de Senapred, la\u00a0<strong>intensidad alcanz\u00f3 los 6 grados en la escala de Mercalli en la regi\u00f3n de Coquimbo<\/strong>, lo que confirma la fuerte percepci\u00f3n del evento en esa zona del pa\u00eds.<\/p>\n<p>En la Regi\u00f3n de Atacama tambi\u00e9n se report\u00f3 un movimiento s\u00edsmico significativo, con numerosos reportes de personas que sintieron el temblor con claridad en distintas ciudades y localidades.<\/p>\n<p>Asimismo, el sismo logr\u00f3 percibirse m\u00e1s al sur, con reportes provenientes de la regi\u00f3n de Valpara\u00edso, lo que evidencia el amplio alcance del movimiento tel\u00farico registrado durante la ma\u00f1ana.<\/p>\n<p>Hasta el momento, las autoridades se mantienen monitoreando la situaci\u00f3n y recopilando antecedentes sobre eventuales afectaciones, mientras contin\u00faan las evaluaciones tras el movimiento s\u00edsmico registrado en el norte del pa\u00eds.<\/p>\n","protected":false},"excerpt":{"rendered":"<p>Un fuerte sismo se registr\u00f3 la ma\u00f1ana de este viernes en la zona Sur de la regi\u00f3n de Atacama, , generando alarma entre la poblaci\u00f3n&hellip; <\/p>\n","protected":false},"author":7,"featured_media":74521,"comment_status":"closed","ping_status":"closed","sticky":false,"template":"","format":"standard","meta":{"footnotes":""},"categories":[7],"tags":[],"class_list":["post-99579","post","type-post","status-publish","format-standard","has-post-thumbnail","hentry","category-atacama"],"_links":{"self":[{"href":"https:\/\/www.radioamigavallenar.cl\/index.php?rest_route=\/wp\/v2\/posts\/99579","targetHints":{"allow":["GET"]}}],"collection":[{"href":"https:\/\/www.radioamigavallenar.cl\/index.php?rest_route=\/wp\/v2\/posts"}],"about":[{"href":"https:\/\/www.radioamigavallenar.cl\/index.php?rest_route=\/wp\/v2\/types\/post"}],"author":[{"embeddable":true,"href":"https:\/\/www.radioamigavallenar.cl\/index.php?rest_route=\/wp\/v2\/users\/7"}],"replies":[{"embeddable":true,"href":"https:\/\/www.radioamigavallenar.cl\/index.php?rest_route=%2Fwp%2Fv2%2Fcomments&post=99579"}],"version-history":[{"count":1,"href":"https:\/\/www.radioamigavallenar.cl\/index.php?rest_route=\/wp\/v2\/posts\/99579\/revisions"}],"predecessor-version":[{"id":99580,"href":"https:\/\/www.radioamigavallenar.cl\/index.php?rest_route=\/wp\/v2\/posts\/99579\/revisions\/99580"}],"wp:featuredmedia":[{"embeddable":true,"href":"https:\/\/www.radioamigavallenar.cl\/index.php?rest_route=\/wp\/v2\/media\/74521"}],"wp:attachment":[{"href":"https:\/\/www.radioamigavallenar.cl\/index.php?rest_route=%2Fwp%2Fv2%2Fmedia&parent=99579"}],"wp:term":[{"taxonomy":"category","embeddable":true,"href":"https:\/\/www.radioamigavallenar.cl\/index.php?rest_route=%2Fwp%2Fv2%2Fcategories&post=99579"},{"taxonomy":"post_tag","embeddable":true,"href":"https:\/\/www.radioamigavallenar.cl\/index.php?rest_route=%2Fwp%2Fv2%2Ftags&post=99579"}],"curies":[{"name":"wp","href":"https:\/\/api.w.org\/{rel}","templated":true}]}}