{"id":99576,"date":"2026-03-13T09:34:30","date_gmt":"2026-03-13T12:34:30","guid":{"rendered":"https:\/\/www.radioamigavallenar.cl\/?p=99576"},"modified":"2026-03-13T10:35:56","modified_gmt":"2026-03-13T13:35:56","slug":"collera-del-club-de-rodeo-de-vallenar-clasifica-a-la-final-del-champion-de-rancagua-2026","status":"publish","type":"post","link":"https:\/\/www.radioamigavallenar.cl\/?p=99576","title":{"rendered":"Collera del Club de Rodeo de Vallenar clasifica a la final del Champion de Rancagua 2026"},"content":{"rendered":"<p data-start=\"94\" data-end=\"427\">El Club de Rodeo de Vallenar alcanz\u00f3 un importante logro deportivo luego de clasificar a la final del Champion de Rancagua 2026, considerado el campeonato m\u00e1s importante del rodeo chileno. Este hito posiciona nuevamente a la comuna y a la provincia del Huasco dentro de los grandes escenarios de esta tradicional disciplina nacional.<\/p>\n<p data-start=\"429\" data-end=\"764\">La clasificaci\u00f3n fue obtenida por la collera integrada por Manuel Macaya y Pedro Pinto, quienes competir\u00e1n montando a Lacer\u00eda y Malvada. Los jinetes representar\u00e1n al club vallenarino en la gran final, llevando adem\u00e1s el nombre de la provincia del Huasco y de toda la Regi\u00f3n de Atacama a una de las competencias m\u00e1s relevantes del pa\u00eds.<\/p>\n<p data-start=\"766\" data-end=\"1130\" data-is-last-node=\"\" data-is-only-node=\"\">Desde el mundo corralero local destacaron el esfuerzo, la dedicaci\u00f3n y el talento de los deportistas, quienes ser\u00e1n la \u00fanica collera del Club de Rodeo de Vallenar presente en esta importante instancia. Su participaci\u00f3n refleja el fuerte esp\u00edritu corralero que caracteriza a la comuna y el compromiso con una tradici\u00f3n profundamente arraigada en la cultura chilena.<\/p>\n","protected":false},"excerpt":{"rendered":"<p>El Club de Rodeo de Vallenar alcanz\u00f3 un importante logro deportivo luego de clasificar a la final del Champion de Rancagua 2026, considerado el campeonato&hellip; <\/p>\n","protected":false},"author":7,"featured_media":99578,"comment_status":"closed","ping_status":"closed","sticky":false,"template":"","format":"standard","meta":{"footnotes":""},"categories":[7],"tags":[],"class_list":["post-99576","post","type-post","status-publish","format-standard","has-post-thumbnail","hentry","category-atacama"],"_links":{"self":[{"href":"https:\/\/www.radioamigavallenar.cl\/index.php?rest_route=\/wp\/v2\/posts\/99576","targetHints":{"allow":["GET"]}}],"collection":[{"href":"https:\/\/www.radioamigavallenar.cl\/index.php?rest_route=\/wp\/v2\/posts"}],"about":[{"href":"https:\/\/www.radioamigavallenar.cl\/index.php?rest_route=\/wp\/v2\/types\/post"}],"author":[{"embeddable":true,"href":"https:\/\/www.radioamigavallenar.cl\/index.php?rest_route=\/wp\/v2\/users\/7"}],"replies":[{"embeddable":true,"href":"https:\/\/www.radioamigavallenar.cl\/index.php?rest_route=%2Fwp%2Fv2%2Fcomments&post=99576"}],"version-history":[{"count":1,"href":"https:\/\/www.radioamigavallenar.cl\/index.php?rest_route=\/wp\/v2\/posts\/99576\/revisions"}],"predecessor-version":[{"id":99577,"href":"https:\/\/www.radioamigavallenar.cl\/index.php?rest_route=\/wp\/v2\/posts\/99576\/revisions\/99577"}],"wp:featuredmedia":[{"embeddable":true,"href":"https:\/\/www.radioamigavallenar.cl\/index.php?rest_route=\/wp\/v2\/media\/99578"}],"wp:attachment":[{"href":"https:\/\/www.radioamigavallenar.cl\/index.php?rest_route=%2Fwp%2Fv2%2Fmedia&parent=99576"}],"wp:term":[{"taxonomy":"category","embeddable":true,"href":"https:\/\/www.radioamigavallenar.cl\/index.php?rest_route=%2Fwp%2Fv2%2Fcategories&post=99576"},{"taxonomy":"post_tag","embeddable":true,"href":"https:\/\/www.radioamigavallenar.cl\/index.php?rest_route=%2Fwp%2Fv2%2Ftags&post=99576"}],"curies":[{"name":"wp","href":"https:\/\/api.w.org\/{rel}","templated":true}]}}