{"id":99573,"date":"2026-03-13T10:34:00","date_gmt":"2026-03-13T13:34:00","guid":{"rendered":"https:\/\/www.radioamigavallenar.cl\/?p=99573"},"modified":"2026-03-13T10:34:00","modified_gmt":"2026-03-13T13:34:00","slug":"olivicultores-de-freirina-se-unen-para-combatir-el-quintral-en-los-huertos-del-valle-del-huasco","status":"publish","type":"post","link":"https:\/\/www.radioamigavallenar.cl\/?p=99573","title":{"rendered":"Olivicultores de Freirina se unen para combatir el quintral en los huertos del Valle del Huasco"},"content":{"rendered":"<p>Olivicultores de Freirina participaron en una reuni\u00f3n informativa donde se presentaron los alcances del Plan de Acci\u00f3n y Estrategia de Control del Quintral, iniciativa orientada a enfrentar esta planta par\u00e1sita que afecta a los huertos oliv\u00edcolas del Valle del Huasco.<\/p>\n<p>La jornada fue encabezada por la Seremi (S) de Agricultura, Paola Torres Gonz\u00e1lez, y cont\u00f3 con la participaci\u00f3n del alcalde de Freirina, Fernando Ruhl P\u00e9rez, adem\u00e1s de los concejales Jos\u00e9 Araya y Claudio Lazcano. Tambi\u00e9n asistieron agricultores del territorio y profesionales del programa Prodesal, liderados por su encargada Andrea Trigo.<\/p>\n<p>Durante el encuentro se expusieron los avances de un programa que cuenta con apoyo del Gobierno Regional y que contempla estudios, investigaci\u00f3n y acciones de manejo para controlar la expansi\u00f3n del quintral. Esta planta par\u00e1sita se instala en los olivos, debilit\u00e1ndolos progresivamente, reduciendo su producci\u00f3n e incluso provocando la muerte del \u00e1rbol si no se controla a tiempo.<\/p>\n<p>El plan busca fortalecer la coordinaci\u00f3n entre agricultores, municipios y servicios del agro con el objetivo de implementar medidas de control, transferencia tecnol\u00f3gica y estrategias que permitan proteger la producci\u00f3n oliv\u00edcola, una actividad hist\u00f3rica y fundamental para la econom\u00eda del Valle del Huasco.<\/p>\n<p>La instancia tambi\u00e9n permiti\u00f3 resolver dudas de los productores y reforzar el trabajo conjunto entre las autoridades y el sector agr\u00edcola para enfrentar esta problem\u00e1tica que afecta a numerosos huertos de la provincia.<\/p>\n","protected":false},"excerpt":{"rendered":"<p>Olivicultores de Freirina participaron en una reuni\u00f3n informativa donde se presentaron los alcances del Plan de Acci\u00f3n y Estrategia de Control del Quintral, iniciativa orientada&hellip; <\/p>\n","protected":false},"author":7,"featured_media":99575,"comment_status":"closed","ping_status":"closed","sticky":false,"template":"","format":"standard","meta":{"footnotes":""},"categories":[38],"tags":[],"class_list":["post-99573","post","type-post","status-publish","format-standard","has-post-thumbnail","hentry","category-portada-regional"],"_links":{"self":[{"href":"https:\/\/www.radioamigavallenar.cl\/index.php?rest_route=\/wp\/v2\/posts\/99573","targetHints":{"allow":["GET"]}}],"collection":[{"href":"https:\/\/www.radioamigavallenar.cl\/index.php?rest_route=\/wp\/v2\/posts"}],"about":[{"href":"https:\/\/www.radioamigavallenar.cl\/index.php?rest_route=\/wp\/v2\/types\/post"}],"author":[{"embeddable":true,"href":"https:\/\/www.radioamigavallenar.cl\/index.php?rest_route=\/wp\/v2\/users\/7"}],"replies":[{"embeddable":true,"href":"https:\/\/www.radioamigavallenar.cl\/index.php?rest_route=%2Fwp%2Fv2%2Fcomments&post=99573"}],"version-history":[{"count":1,"href":"https:\/\/www.radioamigavallenar.cl\/index.php?rest_route=\/wp\/v2\/posts\/99573\/revisions"}],"predecessor-version":[{"id":99574,"href":"https:\/\/www.radioamigavallenar.cl\/index.php?rest_route=\/wp\/v2\/posts\/99573\/revisions\/99574"}],"wp:featuredmedia":[{"embeddable":true,"href":"https:\/\/www.radioamigavallenar.cl\/index.php?rest_route=\/wp\/v2\/media\/99575"}],"wp:attachment":[{"href":"https:\/\/www.radioamigavallenar.cl\/index.php?rest_route=%2Fwp%2Fv2%2Fmedia&parent=99573"}],"wp:term":[{"taxonomy":"category","embeddable":true,"href":"https:\/\/www.radioamigavallenar.cl\/index.php?rest_route=%2Fwp%2Fv2%2Fcategories&post=99573"},{"taxonomy":"post_tag","embeddable":true,"href":"https:\/\/www.radioamigavallenar.cl\/index.php?rest_route=%2Fwp%2Fv2%2Ftags&post=99573"}],"curies":[{"name":"wp","href":"https:\/\/api.w.org\/{rel}","templated":true}]}}