{"id":99570,"date":"2026-03-13T10:32:39","date_gmt":"2026-03-13T13:32:39","guid":{"rendered":"https:\/\/www.radioamigavallenar.cl\/?p=99570"},"modified":"2026-03-13T10:32:39","modified_gmt":"2026-03-13T13:32:39","slug":"alcalde-de-freirina-gestiona-posible-preuniversitario-con-apoyo-de-la-universidad-de-atacama","status":"publish","type":"post","link":"https:\/\/www.radioamigavallenar.cl\/?p=99570","title":{"rendered":"Alcalde de Freirina gestiona posible preuniversitario con apoyo de la Universidad de Atacama"},"content":{"rendered":"<p>El alcalde de Freirina, Fernando Ruhl P\u00e9rez, sostuvo una reuni\u00f3n con el director de la sede Vallenar de la Universidad de Atacama, Juan Campos Nazer, con el objetivo de analizar la posibilidad de implementar un preuniversitario en la comuna con el respaldo acad\u00e9mico de la casa de estudios.<\/p>\n<p>La iniciativa busca generar una instancia de preparaci\u00f3n para la Prueba de Acceso a la Educaci\u00f3n Superior (PAES), beneficiando especialmente a estudiantes del Liceo Bicentenario Ram\u00f3n Freire Serrano.<\/p>\n<p>Al respecto, el alcalde Ruhl se\u00f1al\u00f3 que se ha solicitado al representante de la universidad presentarse ante el Concejo Municipal el pr\u00f3ximo mi\u00e9rcoles 18 de marzo, con el prop\u00f3sito de explicar en detalle los requisitos y alcances de la propuesta, instancia que permitir\u00e1 a las autoridades comunales evaluar su eventual implementaci\u00f3n.<\/p>\n<p>Por su parte, Campos indic\u00f3 que actualmente los resultados locales se encuentran por debajo de la media nacional en la PAES, situaci\u00f3n que \u2014seg\u00fan manifest\u00f3\u2014 requiere del compromiso de distintos actores para ser revertida.<\/p>\n<p>El directivo universitario agreg\u00f3 que, de concretarse la iniciativa, este ser\u00eda el tercer preuniversitario impulsado por la Universidad de Atacama en la Provincia del Huasco, sumando adem\u00e1s una oferta que incluir\u00eda beneficios acad\u00e9micos, charlas motivacionales y actividades orientadas a fortalecer las expectativas de acceso a la educaci\u00f3n superior.<\/p>\n<p>Desde ambas instituciones se\u00f1alaron que la propuesta es vista con buenos ojos y que su an\u00e1lisis continuar\u00e1 en el Concejo Municipal, instancia donde se evaluar\u00e1 su viabilidad y los pasos necesarios para avanzar en su posible implementaci\u00f3n<\/p>\n","protected":false},"excerpt":{"rendered":"<p>El alcalde de Freirina, Fernando Ruhl P\u00e9rez, sostuvo una reuni\u00f3n con el director de la sede Vallenar de la Universidad de Atacama, Juan Campos Nazer,&hellip; <\/p>\n","protected":false},"author":7,"featured_media":99571,"comment_status":"closed","ping_status":"closed","sticky":false,"template":"","format":"standard","meta":{"footnotes":""},"categories":[38],"tags":[],"class_list":["post-99570","post","type-post","status-publish","format-standard","has-post-thumbnail","hentry","category-portada-regional"],"_links":{"self":[{"href":"https:\/\/www.radioamigavallenar.cl\/index.php?rest_route=\/wp\/v2\/posts\/99570","targetHints":{"allow":["GET"]}}],"collection":[{"href":"https:\/\/www.radioamigavallenar.cl\/index.php?rest_route=\/wp\/v2\/posts"}],"about":[{"href":"https:\/\/www.radioamigavallenar.cl\/index.php?rest_route=\/wp\/v2\/types\/post"}],"author":[{"embeddable":true,"href":"https:\/\/www.radioamigavallenar.cl\/index.php?rest_route=\/wp\/v2\/users\/7"}],"replies":[{"embeddable":true,"href":"https:\/\/www.radioamigavallenar.cl\/index.php?rest_route=%2Fwp%2Fv2%2Fcomments&post=99570"}],"version-history":[{"count":1,"href":"https:\/\/www.radioamigavallenar.cl\/index.php?rest_route=\/wp\/v2\/posts\/99570\/revisions"}],"predecessor-version":[{"id":99572,"href":"https:\/\/www.radioamigavallenar.cl\/index.php?rest_route=\/wp\/v2\/posts\/99570\/revisions\/99572"}],"wp:featuredmedia":[{"embeddable":true,"href":"https:\/\/www.radioamigavallenar.cl\/index.php?rest_route=\/wp\/v2\/media\/99571"}],"wp:attachment":[{"href":"https:\/\/www.radioamigavallenar.cl\/index.php?rest_route=%2Fwp%2Fv2%2Fmedia&parent=99570"}],"wp:term":[{"taxonomy":"category","embeddable":true,"href":"https:\/\/www.radioamigavallenar.cl\/index.php?rest_route=%2Fwp%2Fv2%2Fcategories&post=99570"},{"taxonomy":"post_tag","embeddable":true,"href":"https:\/\/www.radioamigavallenar.cl\/index.php?rest_route=%2Fwp%2Fv2%2Ftags&post=99570"}],"curies":[{"name":"wp","href":"https:\/\/api.w.org\/{rel}","templated":true}]}}