{"id":99564,"date":"2026-03-13T10:25:47","date_gmt":"2026-03-13T13:25:47","guid":{"rendered":"https:\/\/www.radioamigavallenar.cl\/?p=99564"},"modified":"2026-03-13T10:25:47","modified_gmt":"2026-03-13T13:25:47","slug":"cchc-atacama-es-el-primer-gremio-recibido-por-la-delegada-presidencial-sofia-cid-al-inicio-de-su-gestion","status":"publish","type":"post","link":"https:\/\/www.radioamigavallenar.cl\/?p=99564","title":{"rendered":"CChC Atacama es el primer gremio recibido por la delegada presidencial Sof\u00eda Cid al inicio de su gesti\u00f3n"},"content":{"rendered":"<p>El encuentro marc\u00f3 el inicio del trabajo conjunto entre el nuevo Gobierno y el sector privado en la regi\u00f3n. En la reuni\u00f3n, la C\u00e1mara Chilena de la Construcci\u00f3n entreg\u00f3 una hoja de ruta con propuestas en vivienda, infraestructura y desarrollo productivo para el per\u00edodo 2026-2030.<\/p>\n<p>La C\u00e1mara Chilena de la Construcci\u00f3n (CChC) Atacama sostuvo un encuentro con la delegada presidencial regional, Sof\u00eda Cid, convirti\u00e9ndose en el primer gremio recibido por la autoridad al inicio de su gesti\u00f3n en la regi\u00f3n. La reuni\u00f3n tuvo como objetivo presentar propuestas para impulsar el desarrollo econ\u00f3mico, la inversi\u00f3n y la generaci\u00f3n de empleo en Atacama.<\/p>\n<p>Durante la instancia, la directiva gremial encabezada por su presidente, Cristian Alzamora, hizo entrega de un documento t\u00e9cnico que funciona como hoja de ruta para el trabajo conjunto entre el sector p\u00fablico y privado durante el per\u00edodo 2026-2030, abordando desaf\u00edos en vivienda, infraestructura estrat\u00e9gica, conectividad regional y diversificaci\u00f3n productiva.<\/p>\n<p>Entre los principales temas planteados se encuentran el d\u00e9ficit habitacional regional \u2014estimado en 15.799 viviendas\u2014, la necesidad de fortalecer los subsidios para sectores vulnerables y de clase media, as\u00ed como avanzar en proyectos clave de infraestructura que permitan mejorar la competitividad regional.<\/p>\n<p>Asimismo, el documento propone impulsar iniciativas como la Circunvalaci\u00f3n Sur de Copiap\u00f3, el mejoramiento del Paso San Francisco, la ampliaci\u00f3n de la ruta Vallenar-Huasco y el desarrollo del parque industrial de Llano Seco, concebido como un polo estrat\u00e9gico para diversificar la matriz productiva regional.<\/p>\n<p>La delegada presidencial regional, Sof\u00eda Cid, valor\u00f3 la instancia y destac\u00f3 el rol del sector privado en la reactivaci\u00f3n econ\u00f3mica.<\/p>\n<p>\u201cPrimero agradecer la visita que me hizo la directiva de la C\u00e1mara Chilena de la Construcci\u00f3n Atacama. Para nosotros, como Gobierno del presidente Jos\u00e9 Antonio Kast, es muy importante contar con los gremios y tener su apoyo, porque sabemos que para activar la econom\u00eda regional y generar empleo nuestros aliados son las empresas privadas y la inversi\u00f3n privada. Tambi\u00e9n abordamos temas relevantes como concesiones detenidas, el desarrollo urbano de la regi\u00f3n y el sector de Llano Seco\u201d, se\u00f1al\u00f3 la autoridad.<\/p>\n<p>Por su parte, el presidente de la CChC Atacama, Cristian Alzamora, destac\u00f3 que la reuni\u00f3n marca el inicio de un trabajo colaborativo con la nueva administraci\u00f3n regional.<\/p>\n<p>\u201cValoramos profundamente que haya sido la primera reuni\u00f3n que sostiene con un gremio en la regi\u00f3n. Tuvimos una conversaci\u00f3n muy fluida y abordamos temas en los que, como C\u00e1mara, podemos aportar al desarrollo de Atacama. Le entregamos todo nuestro apoyo y como gremio estamos disponibles para trabajar conjuntamente por el crecimiento y bienestar de la regi\u00f3n\u201d, afirm\u00f3.<\/p>\n<p>Por parte del gremio, tambi\u00e9n participaron Iv\u00e1n Gonz\u00e1lez, vicepresidente gremial; Juan Pablo Hinojosa, past presidente; Carlos Aguirre, presidente de la Comisi\u00f3n de Desarrollo Regional; Antonio Pardo, vicepresidente de la comisi\u00f3n; y Ver\u00f3nica Lagunas, gerenta regional.<\/p>\n<p>Desde la CChC Atacama se\u00f1alaron que el documento entregado a la delegada busca aportar una mirada t\u00e9cnica, estrat\u00e9gica y de largo plazo para impulsar proyectos que permitan recuperar el dinamismo econ\u00f3mico regional, mejorar la calidad de vida de las personas y fortalecer la inversi\u00f3n p\u00fablica y privada en Atacama.<\/p>\n","protected":false},"excerpt":{"rendered":"<p>El encuentro marc\u00f3 el inicio del trabajo conjunto entre el nuevo Gobierno y el sector privado en la regi\u00f3n. En la reuni\u00f3n, la C\u00e1mara Chilena&hellip; <\/p>\n","protected":false},"author":7,"featured_media":99565,"comment_status":"closed","ping_status":"closed","sticky":false,"template":"","format":"standard","meta":{"footnotes":""},"categories":[7],"tags":[],"class_list":["post-99564","post","type-post","status-publish","format-standard","has-post-thumbnail","hentry","category-atacama"],"_links":{"self":[{"href":"https:\/\/www.radioamigavallenar.cl\/index.php?rest_route=\/wp\/v2\/posts\/99564","targetHints":{"allow":["GET"]}}],"collection":[{"href":"https:\/\/www.radioamigavallenar.cl\/index.php?rest_route=\/wp\/v2\/posts"}],"about":[{"href":"https:\/\/www.radioamigavallenar.cl\/index.php?rest_route=\/wp\/v2\/types\/post"}],"author":[{"embeddable":true,"href":"https:\/\/www.radioamigavallenar.cl\/index.php?rest_route=\/wp\/v2\/users\/7"}],"replies":[{"embeddable":true,"href":"https:\/\/www.radioamigavallenar.cl\/index.php?rest_route=%2Fwp%2Fv2%2Fcomments&post=99564"}],"version-history":[{"count":1,"href":"https:\/\/www.radioamigavallenar.cl\/index.php?rest_route=\/wp\/v2\/posts\/99564\/revisions"}],"predecessor-version":[{"id":99566,"href":"https:\/\/www.radioamigavallenar.cl\/index.php?rest_route=\/wp\/v2\/posts\/99564\/revisions\/99566"}],"wp:featuredmedia":[{"embeddable":true,"href":"https:\/\/www.radioamigavallenar.cl\/index.php?rest_route=\/wp\/v2\/media\/99565"}],"wp:attachment":[{"href":"https:\/\/www.radioamigavallenar.cl\/index.php?rest_route=%2Fwp%2Fv2%2Fmedia&parent=99564"}],"wp:term":[{"taxonomy":"category","embeddable":true,"href":"https:\/\/www.radioamigavallenar.cl\/index.php?rest_route=%2Fwp%2Fv2%2Fcategories&post=99564"},{"taxonomy":"post_tag","embeddable":true,"href":"https:\/\/www.radioamigavallenar.cl\/index.php?rest_route=%2Fwp%2Fv2%2Ftags&post=99564"}],"curies":[{"name":"wp","href":"https:\/\/api.w.org\/{rel}","templated":true}]}}