{"id":99559,"date":"2026-03-13T00:00:30","date_gmt":"2026-03-13T03:00:30","guid":{"rendered":"https:\/\/www.radioamigavallenar.cl\/?p=99559"},"modified":"2026-03-12T22:56:53","modified_gmt":"2026-03-13T01:56:53","slug":"gobierno-regional-lanza-la-beca-team-atacama-2026-con-presupuesto-de-350-millones-para-apoyar-a-deportistas-de-alto-rendimiento","status":"publish","type":"post","link":"https:\/\/www.radioamigavallenar.cl\/?p=99559","title":{"rendered":"Gobierno Regional lanza la Beca Team Atacama 2026 con presupuesto de $350 millones para apoyar a deportistas de alto rendimiento"},"content":{"rendered":"<ul>\n<li>El a\u00f1o 2025 se financiaron 83 deportistas de la regi\u00f3n, con una inversi\u00f3n total de $321.416.849. Para este 2026, el programa aumenta su presupuesto a $350.000.000.<\/li>\n<\/ul>\n<p>Durante la jornada, el Gobierno Regional de Atacama lanz\u00f3 oficialmente la Beca Regional Deportistas con Proyecci\u00f3n al Alto Rendimiento Team Atacama 2026, una iniciativa que busca fortalecer el desarrollo del talento deportivo de la regi\u00f3n y apoyar a atletas que representan a Regi\u00f3n de Atacama en competencias nacionales e internacionales.<\/p>\n<p>Este programa tiene como objetivo subvencionar, mediante la glosa presupuestaria regional, a deportistas de alto rendimiento y a aquellos con proyecci\u00f3n competitiva, contribuyendo a su perfeccionamiento deportivo, a la obtenci\u00f3n de logros y al fortalecimiento de sus carreras deportivas.<\/p>\n<p>Al respecto el Gobernador Regional, Miguel Vargas, se\u00f1al\u00f3: \u201cPara nosotros es motivo de una gran satisfacci\u00f3n el poder apoyar a los deportistas que se destacan en la regi\u00f3n de Atacama y en esto tenemos un compromiso junto con el Consejo Regional de Atacama. Este es un beneficio que se mantiene desde el a\u00f1o 2015 aqu\u00ed en la regi\u00f3n, el a\u00f1o pasado se entregaron becas a 83 deportistas de la regi\u00f3n y el monto del financiamiento super\u00f3 los $320 millones. En esta ocasi\u00f3n, se aprob\u00f3 recientemente en el Consejo Regional las becas para el presente a\u00f1o 2026 y el monto aprobado alcanza a los 350 millones de pesos\u201d.<\/p>\n<p>La beca se otorga a trav\u00e9s de un proceso de concursabilidad y responde al mandato legal del Gobierno Regional como administrador superior del territorio, cuyo prop\u00f3sito es promover el desarrollo social, cultural y econ\u00f3mico de Atacama. En este contexto, el apoyo al deporte se consolida como una pol\u00edtica p\u00fablica que fomenta la disciplina, el esfuerzo y la representaci\u00f3n regional en escenarios deportivos de alto nivel.<\/p>\n<p>Este importante programa fue creado el a\u00f1o 2015 y, desde entonces, ha incrementado considerablemente la cantidad de deportistas destacados beneficiados. Gracias a este respaldo, numerosos atletas de Atacama han logrado posicionarse en podios tanto a nivel nacional como internacional, proyectando el nombre de la regi\u00f3n en diversas disciplinas deportivas.<\/p>\n<p>Por su parte, el Consejero Regional, Patricio Alfaro, indic\u00f3: \u201cmuy contento, muy feliz como presidente de la Comisi\u00f3n de Deporte junto al Cuerpo Colegiado, cierto de poder entregarle estas becas tan significativas, para el desarrollo de los deportistas que hoy en d\u00eda existen aqu\u00ed en la regi\u00f3n. Y como lo dec\u00eda tambi\u00e9n hace pocos instantes el Gobernador del a\u00f1o 2015, que estamos con esta iniciativa y siempre hemos estado luchando para que esto se mantenga en el tiempo. As\u00ed que yo no me queda nada m\u00e1s que agradecerle, felicitarles a los deportistas, tambi\u00e9n a sus familiares, quienes cumplen rol importante\u201d, expreso el consejero.<\/p>\n<p>Cabe destacar que durante el a\u00f1o 2025 se financiaron 83 deportistas de la regi\u00f3n, con una inversi\u00f3n total de $321.416.849. Para este 2026, el programa aumenta su presupuesto a $350.000.000, recursos que ser\u00e1n distribuidos entre distintas categor\u00edas de deportistas, incluyendo alto rendimiento, seleccionados nacionales, deportistas con proyecci\u00f3n y representantes de deportes colectivos, consolidando as\u00ed el compromiso regional con el desarrollo del talento deportivo atacame\u00f1o.<\/p>\n<p>Desde el punto de vista de los deportistas, Danko Guerrero, quien practica la disciplina de Patinaje art\u00edstico, manifest\u00f3: \u201cLa beca me ayud\u00f3 mucho a poder profesionalizar un poco m\u00e1s mi deporte, ya que yo no ten\u00eda la implementaci\u00f3n adecuada y no ten\u00eda tampoco muchos los recursos para estar viajando a todos los campeonatos, pero gracias a la beca logr\u00e9 poder viajar a todos los campeonatos, poder clasificar al nacional que era no era f\u00e1cil y adem\u00e1s poder costearme el viaje en Nacional, adem\u00e1s de los patines. Adem\u00e1s de ser deportista, tambi\u00e9n empec\u00e9 mi camino como entrenador, as\u00ed que tengo proyecciones de talentos que tambi\u00e9n busco llevarlo al campo a ser campeones nacionales, mientras desde la Federaci\u00f3n, yo voy a seguir compitiendo\u201d.<\/p>\n<p>Al respecto, Axel Solis, quien se dedica a la disciplina del canotaje, coment\u00f3: \u201cNos sirvi\u00f3 harto esta beca, el apoyo del Gobierno regional. Por ejemplo, si no me hubieran dado este apoyo, no hubiera podido comprar un kayak, una canoa o un remo. Que yo antes remaba con uno que era \u201cfalso\u201d, por as\u00ed decirlo, un remo barato. Y ahora me compr\u00e9 una canoa profesional y un remo que si me aguanta lo que yo remo\u201d, se\u00f1al\u00f3 el deportista huasquino.<\/p>\n<p>Finalmente, cabe se\u00f1alar que la beca contempla una distribuci\u00f3n diferenciada de los recursos seg\u00fan la categor\u00eda de los beneficiarios. Del monto total, un 30% equivalente a $105.000.000 ser\u00e1 destinado a Deportistas de Alto Rendimiento, con un m\u00e1ximo de $8 millones por beneficiario. En tanto, el 35% del presupuesto, correspondiente a $122.500.000, se asignar\u00e1 a Deportistas Seleccionados Nacionales, Campeones Nacionales o quienes obtengan el 1\u00b0 lugar en el ranking o en la Final Nacional de los Juegos Deportivos Escolares, con un tope de $6 millones por deportista.<\/p>\n<p>Por otra parte, los Deportistas con Proyecci\u00f3n recibir\u00e1n el 25% de los recursos, equivalente a $87.500.000, con un monto m\u00e1ximo de $4 millones cada uno. Finalmente, el 10% restante, es decir $35.000.000, se destinar\u00e1 a Deportistas Seleccionados o Preseleccionados de Deportes Colectivos, con un tope de $5 millones por beneficiario. Este esquema busca apoyar de manera equitativa a talentos deportivos regionales en distintas etapas de su desarrollo competitivo.<\/p>\n","protected":false},"excerpt":{"rendered":"<p>El a\u00f1o 2025 se financiaron 83 deportistas de la regi\u00f3n, con una inversi\u00f3n total de $321.416.849. Para este 2026, el programa aumenta su presupuesto a&hellip; <\/p>\n","protected":false},"author":7,"featured_media":99560,"comment_status":"closed","ping_status":"closed","sticky":false,"template":"","format":"standard","meta":{"footnotes":""},"categories":[7],"tags":[],"class_list":["post-99559","post","type-post","status-publish","format-standard","has-post-thumbnail","hentry","category-atacama"],"_links":{"self":[{"href":"https:\/\/www.radioamigavallenar.cl\/index.php?rest_route=\/wp\/v2\/posts\/99559","targetHints":{"allow":["GET"]}}],"collection":[{"href":"https:\/\/www.radioamigavallenar.cl\/index.php?rest_route=\/wp\/v2\/posts"}],"about":[{"href":"https:\/\/www.radioamigavallenar.cl\/index.php?rest_route=\/wp\/v2\/types\/post"}],"author":[{"embeddable":true,"href":"https:\/\/www.radioamigavallenar.cl\/index.php?rest_route=\/wp\/v2\/users\/7"}],"replies":[{"embeddable":true,"href":"https:\/\/www.radioamigavallenar.cl\/index.php?rest_route=%2Fwp%2Fv2%2Fcomments&post=99559"}],"version-history":[{"count":1,"href":"https:\/\/www.radioamigavallenar.cl\/index.php?rest_route=\/wp\/v2\/posts\/99559\/revisions"}],"predecessor-version":[{"id":99561,"href":"https:\/\/www.radioamigavallenar.cl\/index.php?rest_route=\/wp\/v2\/posts\/99559\/revisions\/99561"}],"wp:featuredmedia":[{"embeddable":true,"href":"https:\/\/www.radioamigavallenar.cl\/index.php?rest_route=\/wp\/v2\/media\/99560"}],"wp:attachment":[{"href":"https:\/\/www.radioamigavallenar.cl\/index.php?rest_route=%2Fwp%2Fv2%2Fmedia&parent=99559"}],"wp:term":[{"taxonomy":"category","embeddable":true,"href":"https:\/\/www.radioamigavallenar.cl\/index.php?rest_route=%2Fwp%2Fv2%2Fcategories&post=99559"},{"taxonomy":"post_tag","embeddable":true,"href":"https:\/\/www.radioamigavallenar.cl\/index.php?rest_route=%2Fwp%2Fv2%2Ftags&post=99559"}],"curies":[{"name":"wp","href":"https:\/\/api.w.org\/{rel}","templated":true}]}}