{"id":99553,"date":"2026-03-13T00:02:17","date_gmt":"2026-03-13T03:02:17","guid":{"rendered":"https:\/\/www.radioamigavallenar.cl\/?p=99553"},"modified":"2026-03-13T00:07:39","modified_gmt":"2026-03-13T03:07:39","slug":"carabineros-refuerza-dialogo-con-comunidades-indigenas-a-traves-de-la-patrulla-paci-en-alto-del-carmen","status":"publish","type":"post","link":"https:\/\/www.radioamigavallenar.cl\/?p=99553","title":{"rendered":"Carabineros refuerza di\u00e1logo con comunidades ind\u00edgenas a trav\u00e9s de la Patrulla PACI en Alto del Carmen"},"content":{"rendered":"<p data-pm-slice=\"1 1 []\">Con el objetivo de generar espacios de di\u00e1logo y fortalecer las acciones de prevenci\u00f3n en el territorio, personal de la Patrulla de Atenci\u00f3n a las Comunidades Ind\u00edgenas (PACI) de Carabineros sostuvo una reuni\u00f3n con integrantes de agrupaciones ind\u00edgenas de las localidades de El Corral y el sector La Cuesta, en la comuna de Alto del Carmen.<\/p>\n<p>Durante el encuentro se abordaron diversas materias relacionadas con la seguridad y la convivencia en los territorios, adem\u00e1s de escuchar las inquietudes y planteamientos de los representantes de las comunidades, en una instancia orientada a fomentar la confianza y el trabajo colaborativo entre las instituciones policiales y los pueblos originarios.<\/p>\n<p>Desde Carabineros destacaron que estas reuniones forman parte del trabajo preventivo que realiza la Patrulla PACI, cuyo objetivo es mantener un v\u00ednculo permanente con las comunidades ind\u00edgenas, promoviendo el respeto, el di\u00e1logo intercultural y la resoluci\u00f3n temprana de posibles problem\u00e1ticas.<\/p>\n<p>Asimismo, se valor\u00f3 la disposici\u00f3n de las agrupaciones ind\u00edgenas de El Corral y La Cuesta para participar en estas instancias de conversaci\u00f3n, que buscan fortalecer la comunicaci\u00f3n directa y avanzar en acciones conjuntas que contribuyan a la seguridad y el bienestar de los habitantes del sector.<\/p>\n","protected":false},"excerpt":{"rendered":"<p>Con el objetivo de generar espacios de di\u00e1logo y fortalecer las acciones de prevenci\u00f3n en el territorio, personal de la Patrulla de Atenci\u00f3n a las&hellip; <\/p>\n","protected":false},"author":7,"featured_media":99554,"comment_status":"closed","ping_status":"closed","sticky":false,"template":"","format":"standard","meta":{"footnotes":""},"categories":[7],"tags":[],"class_list":["post-99553","post","type-post","status-publish","format-standard","has-post-thumbnail","hentry","category-atacama"],"_links":{"self":[{"href":"https:\/\/www.radioamigavallenar.cl\/index.php?rest_route=\/wp\/v2\/posts\/99553","targetHints":{"allow":["GET"]}}],"collection":[{"href":"https:\/\/www.radioamigavallenar.cl\/index.php?rest_route=\/wp\/v2\/posts"}],"about":[{"href":"https:\/\/www.radioamigavallenar.cl\/index.php?rest_route=\/wp\/v2\/types\/post"}],"author":[{"embeddable":true,"href":"https:\/\/www.radioamigavallenar.cl\/index.php?rest_route=\/wp\/v2\/users\/7"}],"replies":[{"embeddable":true,"href":"https:\/\/www.radioamigavallenar.cl\/index.php?rest_route=%2Fwp%2Fv2%2Fcomments&post=99553"}],"version-history":[{"count":1,"href":"https:\/\/www.radioamigavallenar.cl\/index.php?rest_route=\/wp\/v2\/posts\/99553\/revisions"}],"predecessor-version":[{"id":99555,"href":"https:\/\/www.radioamigavallenar.cl\/index.php?rest_route=\/wp\/v2\/posts\/99553\/revisions\/99555"}],"wp:featuredmedia":[{"embeddable":true,"href":"https:\/\/www.radioamigavallenar.cl\/index.php?rest_route=\/wp\/v2\/media\/99554"}],"wp:attachment":[{"href":"https:\/\/www.radioamigavallenar.cl\/index.php?rest_route=%2Fwp%2Fv2%2Fmedia&parent=99553"}],"wp:term":[{"taxonomy":"category","embeddable":true,"href":"https:\/\/www.radioamigavallenar.cl\/index.php?rest_route=%2Fwp%2Fv2%2Fcategories&post=99553"},{"taxonomy":"post_tag","embeddable":true,"href":"https:\/\/www.radioamigavallenar.cl\/index.php?rest_route=%2Fwp%2Fv2%2Ftags&post=99553"}],"curies":[{"name":"wp","href":"https:\/\/api.w.org\/{rel}","templated":true}]}}