{"id":99549,"date":"2026-03-13T00:00:24","date_gmt":"2026-03-13T03:00:24","guid":{"rendered":"https:\/\/www.radioamigavallenar.cl\/?p=99549"},"modified":"2026-03-12T22:45:46","modified_gmt":"2026-03-13T01:45:46","slug":"gobernador-regional-y-delegada-presidencial-refuerzan-coordinacion-institucional-para-avanzar-en-desafios-de-atacama","status":"publish","type":"post","link":"https:\/\/www.radioamigavallenar.cl\/?p=99549","title":{"rendered":"Gobernador Regional y Delegada Presidencial refuerzan coordinaci\u00f3n institucional para avanzar en desaf\u00edos de Atacama"},"content":{"rendered":"<p align=\"justify\">Con el objetivo de fortalecer el trabajo colaborativo entre las instituciones del Estado, el Gobernador Regional de Atacama, Miguel Vargas Correa, realiz\u00f3 un saludo protocolar a la nueva Delegada Presidencial Regional, Sof\u00eda Cid, recientemente designada por el Presidente de la Rep\u00fablica, Jos\u00e9 Antonio Kast. La instancia permiti\u00f3 sostener una reuni\u00f3n de trabajo en la que ambas autoridades coincidieron en la importancia de mantener una coordinaci\u00f3n permanente para enfrentar los principales desaf\u00edos de la regi\u00f3n.<\/p>\n<div class=\"code-block code-block-3\">\n<div id=\"sas_99069\"><\/div>\n<\/div>\n<p align=\"justify\">Durante el encuentro, el Gobernador Regional valor\u00f3 la oportunidad de dialogar y manifest\u00f3 sus buenos deseos para la nueva autoridad. \u201cLo primero es venir a saludar a la delegada presidencial regional, recientemente nombrada por el presidente, en nombre del Gobierno Regional, y desearle mucho \u00e9xito en el desempe\u00f1o de sus funciones\u201d, se\u00f1al\u00f3, destacando adem\u00e1s la importancia de trabajar de manera articulada para avanzar en el desarrollo de Atacama y concretar los proyectos contemplados en la Estrategia Regional de Desarrollo.<\/p>\n<p align=\"justify\">En la reuni\u00f3n se abordaron diversos desaf\u00edos estrat\u00e9gicos para la regi\u00f3n, entre ellos el fortalecimiento de los pasos fronterizos, la mejora de la conectividad vial y la necesidad de avanzar en proyectos de infraestructura clave. Asimismo, se relev\u00f3 el convenio de programaci\u00f3n en salud aprobado por el Consejo Regional, que considera una inversi\u00f3n superior a los $480 mil millones para mejorar la infraestructura sanitaria, reducir listas de espera y fortalecer la red de atenci\u00f3n en hospitales, CESFAM y postas rurales.<\/p>\n<div class=\"code-block code-block-5\">\n<div id=\"sas_99435\"><\/div>\n<\/div>\n<p align=\"justify\">Por su parte, la Delegada Presidencial Regional, Sof\u00eda Cid, agradeci\u00f3 la visita y destac\u00f3 la disposici\u00f3n al trabajo conjunto. \u201cAgradecer al Gobernador por esta visita protocolar, pero tambi\u00e9n una visita de trabajo, en la cual sabemos que tenemos que coexistir y trabajar en conjunto. Hay muchos convenios de programaci\u00f3n con los servicios p\u00fablicos y nuestras serem\u00edas, y el foco est\u00e1 puesto en los principales desaf\u00edos de Atacama, como seguridad, educaci\u00f3n, salud y generaci\u00f3n de empleo\u201d, afirm\u00f3.<\/p>\n<p align=\"justify\"><a name=\"_GoBack\"><\/a>Ambas autoridades coincidieron en que la coordinaci\u00f3n entre el Gobierno Regional, el Gobierno Central, los municipios y el sector privado ser\u00e1 fundamental para impulsar inversiones, fortalecer la seguridad y generar nuevas oportunidades de desarrollo para la Regi\u00f3n de Atacama, avanzando as\u00ed en soluciones concretas para mejorar la calidad de vida de sus habitantes.<\/p>\n","protected":false},"excerpt":{"rendered":"<p>Con el objetivo de fortalecer el trabajo colaborativo entre las instituciones del Estado, el Gobernador Regional de Atacama, Miguel Vargas Correa, realiz\u00f3 un saludo protocolar&hellip; <\/p>\n","protected":false},"author":7,"featured_media":99550,"comment_status":"closed","ping_status":"closed","sticky":false,"template":"","format":"standard","meta":{"footnotes":""},"categories":[7],"tags":[],"class_list":["post-99549","post","type-post","status-publish","format-standard","has-post-thumbnail","hentry","category-atacama"],"_links":{"self":[{"href":"https:\/\/www.radioamigavallenar.cl\/index.php?rest_route=\/wp\/v2\/posts\/99549","targetHints":{"allow":["GET"]}}],"collection":[{"href":"https:\/\/www.radioamigavallenar.cl\/index.php?rest_route=\/wp\/v2\/posts"}],"about":[{"href":"https:\/\/www.radioamigavallenar.cl\/index.php?rest_route=\/wp\/v2\/types\/post"}],"author":[{"embeddable":true,"href":"https:\/\/www.radioamigavallenar.cl\/index.php?rest_route=\/wp\/v2\/users\/7"}],"replies":[{"embeddable":true,"href":"https:\/\/www.radioamigavallenar.cl\/index.php?rest_route=%2Fwp%2Fv2%2Fcomments&post=99549"}],"version-history":[{"count":1,"href":"https:\/\/www.radioamigavallenar.cl\/index.php?rest_route=\/wp\/v2\/posts\/99549\/revisions"}],"predecessor-version":[{"id":99551,"href":"https:\/\/www.radioamigavallenar.cl\/index.php?rest_route=\/wp\/v2\/posts\/99549\/revisions\/99551"}],"wp:featuredmedia":[{"embeddable":true,"href":"https:\/\/www.radioamigavallenar.cl\/index.php?rest_route=\/wp\/v2\/media\/99550"}],"wp:attachment":[{"href":"https:\/\/www.radioamigavallenar.cl\/index.php?rest_route=%2Fwp%2Fv2%2Fmedia&parent=99549"}],"wp:term":[{"taxonomy":"category","embeddable":true,"href":"https:\/\/www.radioamigavallenar.cl\/index.php?rest_route=%2Fwp%2Fv2%2Fcategories&post=99549"},{"taxonomy":"post_tag","embeddable":true,"href":"https:\/\/www.radioamigavallenar.cl\/index.php?rest_route=%2Fwp%2Fv2%2Ftags&post=99549"}],"curies":[{"name":"wp","href":"https:\/\/api.w.org\/{rel}","templated":true}]}}