{"id":99546,"date":"2026-03-13T00:00:42","date_gmt":"2026-03-13T03:00:42","guid":{"rendered":"https:\/\/www.radioamigavallenar.cl\/?p=99546"},"modified":"2026-03-12T22:43:20","modified_gmt":"2026-03-13T01:43:20","slug":"municipio-de-copiapo-inicia-programa-de-limpieza-del-rio-copiapo-con-retiro-de-basura-en-el-baden-luis-flores","status":"publish","type":"post","link":"https:\/\/www.radioamigavallenar.cl\/?p=99546","title":{"rendered":"Municipio de Copiap\u00f3 inicia programa de limpieza del R\u00edo Copiap\u00f3 con retiro de basura en el bad\u00e9n Luis Flores"},"content":{"rendered":"<p>Primera intervenci\u00f3n con m\u00e1s de 30 funcionarios y maquinar\u00eda para retirar escombros del cauce del r\u00edo.<\/p>\n<p>Con la finalidad de recuperar el cauce del R\u00edo Copiap\u00f3, la Municipalidad de Copiap\u00f3 comenz\u00f3 un programa de limpieza en una primera intervenci\u00f3n en el bad\u00e9n Luis Flores, operativo que cont\u00f3 con la participaci\u00f3n de personal de la Direcci\u00f3n de Operaciones, Seguridad y Medioambiente, lo que permiti\u00f3 el retiro de escombros y limpieza del lugar. Durante la jornada, m\u00e1s de 30 funcionarios despejaron residuos con retroexcavadoras, mini cargador, cami\u00f3n tolva y cuadrillas en terreno.<\/p>\n<p>Sobre este operativo, el alcalde de Copiap\u00f3, Maglio Cicardini, indic\u00f3 que \u201cesto forman parte de un plan para recuperar nuestro r\u00edo y avanzar en una ciudad m\u00e1s limpia y ordenada. Estamos reforzando la limpieza de espacios p\u00fablicos, la recuperaci\u00f3n de sectores abandonados y la protecci\u00f3n de nuestro entorno natural. Como municipio asumimos la responsabilidad de cuidar y defender nuestras \u00e1reas protegidas, as\u00ed como nuestros humedales y dunas. Proteger Copiap\u00f3 es una tarea de todos y exige compromiso real con mantener nuestros espacios limpios y respetar la naturaleza que nos rodea\u201d.<\/p>\n<p>\u201cVamos a seguir trabajando firmemente para que culturalmente copiapinos y copiapinas tengan m\u00e1s disposici\u00f3n en cuidar el ambiente que nos rodea. La limpieza y el ornato son pilares fundamentales en mi gesti\u00f3n como alcalde de esta querida ciudad como es Copiap\u00f3. Por lo mismo, para nosotros como municipio es un hito comenzar este programa en este bad\u00e9n, lugar que recibi\u00f3 la basura con el arrastre del agua de las quebradas tras las precipitaciones de fines de febrero\u201d, agreg\u00f3 la m\u00e1xima autoridad comunal.<\/p>\n<p>Por su parte, el director de la DOPER, Cristian Contreras, se\u00f1al\u00f3 que \u201cesta es la primera iniciativa de muchas de limpiar con nuestro personal y potenciar los recursos como equipos para dar mayor cobertura y tener respuestas m\u00e1s oportunas. En este operativo tuvimos equipos de retroexcavadoras, tolvas, mini cargador y cuadrillas para limpiar el cauce y as\u00ed disminuir los sitios con insalubridad por el bien de las y los vecinos de Copiap\u00f3\u201d<\/p>\n<p>Tambi\u00e9n durante la intervenci\u00f3n se dio a conocer una nueva la ordenanza municipal de Conservaci\u00f3n del Humedal Urbano del R\u00edo Copiap\u00f3 sector Parque Kaukari, que tiene la finalidad de establecer condiciones m\u00ednimas de protecci\u00f3n, busca endurecer sanciones por tirar basura al cauce y generar conciencia sobre el cuidado del medio ambiente a las comunidades.<\/p>\n<p>Sobre esto \u00faltimo, el director de Medio Ambiente, Cesar Araya, detall\u00f3 que \u201cel alcalde nos ha encargado en sobre manera en conjunto al Concejo Comunal formular una ordenanza municipal para conservar el rio, sobre todo el tramo urbano del Parque Kaukari. Con esta ordenanza las sanciones van a ser bastante m\u00e1s dr\u00e1sticas que las 3 a 5 UTM para la persona que sea notificada por denuncias de botar basura o residuos al rio. Por lo mismo, tambi\u00e9n se habilitar\u00e1 en la p\u00e1gina web del municipio un banner de denuncia ambiental para que las y los vecinos informen con su denuncia\u201d.<\/p>\n<p>Cabe se\u00f1alar que hasta la fecha el Municipio de Copiap\u00f3 tiene un catastro de m\u00e1s de 200 microbasurales en la ciudad, lo cuales ser\u00e1n intervenidos gradualmente. No obstante, desde la municipalidad tambi\u00e9n se hace el llamado a la conciencia de no botar basura y denunciar cuando sea pertinente.<\/p>\n","protected":false},"excerpt":{"rendered":"<p>Primera intervenci\u00f3n con m\u00e1s de 30 funcionarios y maquinar\u00eda para retirar escombros del cauce del r\u00edo. Con la finalidad de recuperar el cauce del R\u00edo&hellip; <\/p>\n","protected":false},"author":7,"featured_media":99547,"comment_status":"closed","ping_status":"closed","sticky":false,"template":"","format":"standard","meta":{"footnotes":""},"categories":[38],"tags":[],"class_list":["post-99546","post","type-post","status-publish","format-standard","has-post-thumbnail","hentry","category-portada-regional"],"_links":{"self":[{"href":"https:\/\/www.radioamigavallenar.cl\/index.php?rest_route=\/wp\/v2\/posts\/99546","targetHints":{"allow":["GET"]}}],"collection":[{"href":"https:\/\/www.radioamigavallenar.cl\/index.php?rest_route=\/wp\/v2\/posts"}],"about":[{"href":"https:\/\/www.radioamigavallenar.cl\/index.php?rest_route=\/wp\/v2\/types\/post"}],"author":[{"embeddable":true,"href":"https:\/\/www.radioamigavallenar.cl\/index.php?rest_route=\/wp\/v2\/users\/7"}],"replies":[{"embeddable":true,"href":"https:\/\/www.radioamigavallenar.cl\/index.php?rest_route=%2Fwp%2Fv2%2Fcomments&post=99546"}],"version-history":[{"count":1,"href":"https:\/\/www.radioamigavallenar.cl\/index.php?rest_route=\/wp\/v2\/posts\/99546\/revisions"}],"predecessor-version":[{"id":99548,"href":"https:\/\/www.radioamigavallenar.cl\/index.php?rest_route=\/wp\/v2\/posts\/99546\/revisions\/99548"}],"wp:featuredmedia":[{"embeddable":true,"href":"https:\/\/www.radioamigavallenar.cl\/index.php?rest_route=\/wp\/v2\/media\/99547"}],"wp:attachment":[{"href":"https:\/\/www.radioamigavallenar.cl\/index.php?rest_route=%2Fwp%2Fv2%2Fmedia&parent=99546"}],"wp:term":[{"taxonomy":"category","embeddable":true,"href":"https:\/\/www.radioamigavallenar.cl\/index.php?rest_route=%2Fwp%2Fv2%2Fcategories&post=99546"},{"taxonomy":"post_tag","embeddable":true,"href":"https:\/\/www.radioamigavallenar.cl\/index.php?rest_route=%2Fwp%2Fv2%2Ftags&post=99546"}],"curies":[{"name":"wp","href":"https:\/\/api.w.org\/{rel}","templated":true}]}}