{"id":99543,"date":"2026-03-13T00:01:28","date_gmt":"2026-03-13T03:01:28","guid":{"rendered":"https:\/\/www.radioamigavallenar.cl\/?p=99543"},"modified":"2026-03-12T22:40:40","modified_gmt":"2026-03-13T01:40:40","slug":"176-personas-emprendedoras-de-atacama-avanzan-en-la-formalizacion-con-foco-en-resolucion-sanitaria","status":"publish","type":"post","link":"https:\/\/www.radioamigavallenar.cl\/?p=99543","title":{"rendered":"176 personas emprendedoras de Atacama avanzan en la formalizaci\u00f3n con foco en resoluci\u00f3n sanitaria"},"content":{"rendered":"<p>El Programa Emprendamos B\u00e1sico Formalizaci\u00f3n 2025 es una iniciativa novedosa trabajada de manera intersectorial entre FOSIS, el Gobierno Regional (GORE), la Seremi de Salud, los municipios y las personas emprendedoras, que busca contribuir a que las personas usuarias den el gran paso hacia la formalizaci\u00f3n a trav\u00e9s de capacitaciones, asistencia t\u00e9cnica y financiamiento.<\/p>\n<p>176 emprendedoras y emprendedores de Atacama se certificaron en el Programa Emprendamos Formalizaci\u00f3n, iniciativa ejecutada por FOSIS con financiamiento del Gobierno Regional que este a\u00f1o prioriz\u00f3 el rubro de la alimentaci\u00f3n y el acceso a la resoluci\u00f3n sanitaria, requisito clave para el funcionamiento formal de muchos negocios.<\/p>\n<p>En esta versi\u00f3n, el financiamiento del programa se orient\u00f3 principalmente a mejorar infraestructura, adecuar espacios productivos y adquirir equipamiento necesario para cumplir con las exigencias sanitarias que permiten avanzar hacia la formalizaci\u00f3n.<\/p>\n<p>De esta manera, 176 usuarias y usuarios de toda la regi\u00f3n recibieron su certificado en las distintas ceremonias realizadas en las comunas de Caldera, Vallenar y Copiap\u00f3, los d\u00edas 23 y 24 de febrero.<\/p>\n<p>Durante las actividades de cierre se cont\u00f3 con la presencia de diversas autoridades regionales y provinciales, entre ellas, el Delegado Presidencial Provincial de Cha\u00f1aral, el alcalde de Cha\u00f1aral, la alcaldesa de Caldera y el jefe de la Divisi\u00f3n de Fomento e Industria del Gobierno Regional de Atacama, quienes valoraron el impacto del programa en el fortalecimiento del emprendimiento local y en la generaci\u00f3n de mayores oportunidades econ\u00f3micas para las familias de Atacama.<\/p>\n<p>Gonzalo Sanhueza T\u00e9llez, jefe de la Divisi\u00f3n de Fomento e Industria del Gobierno Regional, destac\u00f3 que este programa permite avanzar de manera concreta en la formalizaci\u00f3n de los emprendimientos de la regi\u00f3n. \u201cMuchas iniciativas nacen como ideas que comienzan a desarrollarse, pero que a\u00fan no cuentan con los requisitos necesarios para constituirse formalmente. Este programa permite dar esos primeros pasos, tanto desde el punto de vista tributario como sanitario, lo que representa un avance significativo para el desarrollo de los emprendimientos\u201d, se\u00f1al\u00f3.<\/p>\n<p>Por su parte, el delegado presidencial provincial de Cha\u00f1aral, Jorge Fern\u00e1ndez Herrera, valor\u00f3 el impacto del programa en el fortalecimiento del emprendimiento local. \u201cEste programa de formalizaci\u00f3n del FOSIS es una herramienta muy importante para apoyar a emprendedoras y emprendedores de comunas como Diego de Almagro, Cha\u00f1aral y Caldera. Permite acompa\u00f1ar negocios que ya est\u00e1n en marcha y entregar herramientas para formalizarse, crecer y mejorar sus ingresos\u201d, indic\u00f3.<\/p>\n<p>En tanto, el alcalde de Cha\u00f1aral, Alex Ahumada Monroy, destac\u00f3 la importancia de este tipo de iniciativas para el desarrollo econ\u00f3mico local. \u201cEstos programas son muy importantes para nuestros emprendedores, porque les permiten avanzar en la formalizaci\u00f3n de sus negocios y proyectar su crecimiento\u201d, subray\u00f3.<\/p>\n<p>Entre las historias destacadas se encuentra la de la usuaria Charlotte Pino V\u00e9liz de Vallenar, quien valor\u00f3 el apoyo recibido a trav\u00e9s del programa. \u201cGracias al FOSIS y el Gobierno Regional pude implementar una nueva l\u00ednea de productos para personas con alergias alimentarias y opciones veganas. Con este proyecto adquir\u00ed equipamiento exclusivo para elaborar y almacenar estos productos de manera adecuada\u201d, coment\u00f3.<\/p>\n<p>El cierre del Programa Emprendamos B\u00e1sico Formalizaci\u00f3n del Gobierno Regional de Atacama se enmarca en la estrategia regional de apoyo al emprendimiento, orientada a promover el desarrollo productivo, la formalizaci\u00f3n y el crecimiento de los negocios en las distintas comunas de la regi\u00f3n.<\/p>\n","protected":false},"excerpt":{"rendered":"<p>El Programa Emprendamos B\u00e1sico Formalizaci\u00f3n 2025 es una iniciativa novedosa trabajada de manera intersectorial entre FOSIS, el Gobierno Regional (GORE), la Seremi de Salud, los&hellip; <\/p>\n","protected":false},"author":7,"featured_media":99544,"comment_status":"closed","ping_status":"closed","sticky":false,"template":"","format":"standard","meta":{"footnotes":""},"categories":[7],"tags":[],"class_list":["post-99543","post","type-post","status-publish","format-standard","has-post-thumbnail","hentry","category-atacama"],"_links":{"self":[{"href":"https:\/\/www.radioamigavallenar.cl\/index.php?rest_route=\/wp\/v2\/posts\/99543","targetHints":{"allow":["GET"]}}],"collection":[{"href":"https:\/\/www.radioamigavallenar.cl\/index.php?rest_route=\/wp\/v2\/posts"}],"about":[{"href":"https:\/\/www.radioamigavallenar.cl\/index.php?rest_route=\/wp\/v2\/types\/post"}],"author":[{"embeddable":true,"href":"https:\/\/www.radioamigavallenar.cl\/index.php?rest_route=\/wp\/v2\/users\/7"}],"replies":[{"embeddable":true,"href":"https:\/\/www.radioamigavallenar.cl\/index.php?rest_route=%2Fwp%2Fv2%2Fcomments&post=99543"}],"version-history":[{"count":1,"href":"https:\/\/www.radioamigavallenar.cl\/index.php?rest_route=\/wp\/v2\/posts\/99543\/revisions"}],"predecessor-version":[{"id":99545,"href":"https:\/\/www.radioamigavallenar.cl\/index.php?rest_route=\/wp\/v2\/posts\/99543\/revisions\/99545"}],"wp:featuredmedia":[{"embeddable":true,"href":"https:\/\/www.radioamigavallenar.cl\/index.php?rest_route=\/wp\/v2\/media\/99544"}],"wp:attachment":[{"href":"https:\/\/www.radioamigavallenar.cl\/index.php?rest_route=%2Fwp%2Fv2%2Fmedia&parent=99543"}],"wp:term":[{"taxonomy":"category","embeddable":true,"href":"https:\/\/www.radioamigavallenar.cl\/index.php?rest_route=%2Fwp%2Fv2%2Fcategories&post=99543"},{"taxonomy":"post_tag","embeddable":true,"href":"https:\/\/www.radioamigavallenar.cl\/index.php?rest_route=%2Fwp%2Fv2%2Ftags&post=99543"}],"curies":[{"name":"wp","href":"https:\/\/api.w.org\/{rel}","templated":true}]}}