{"id":99537,"date":"2026-03-13T00:00:25","date_gmt":"2026-03-13T03:00:25","guid":{"rendered":"https:\/\/www.radioamigavallenar.cl\/?p=99537"},"modified":"2026-03-13T00:07:44","modified_gmt":"2026-03-13T03:07:44","slug":"corproa-y-el-cluster-minero-atacama-afinan-plataforma-digital-para-proveedores","status":"publish","type":"post","link":"https:\/\/www.radioamigavallenar.cl\/?p=99537","title":{"rendered":"CORPROA y el Cluster Minero Atacama afinan plataforma digital para proveedores"},"content":{"rendered":"<p>Con el respaldo de las 16 compa\u00f1\u00edas mineras que integran el Cluster, la Corporaci\u00f3n para el Desarrollo de la Regi\u00f3n de Atacama trabaja en una plataforma para aglutinar la oferta de proveedores a la industria minera regional.<\/p>\n<p>En un esfuerzo por modernizar la conexi\u00f3n entre las compa\u00f1\u00edas mineras y las empresas de servicios, CORPROA y el Cluster Minero Atacama anunciaron el desarrollo de una Plataforma Digital de Proveedores a la miner\u00eda. Esta herramienta digital permitir\u00e1 aglutinar la oferta de servicios a la industria minera regional en un ecosistema debidamente categorizado y segmentado. El objetivo es transformar la cadena de suministro en un motor de eficiencia y trazabilidad que beneficie tanto a las compa\u00f1\u00edas mandantes como a los emprendedores locales.<\/p>\n<p>\u201cUno de los principales desaf\u00edos que enfrentan los proveedores es poder validar su oferta, ya que, por lo general, deben hacerlo una y otra vez por cada compa\u00f1\u00eda minera. Esta herramienta busca centralizar esa oferta, agilizar los procesos de validaci\u00f3n, adjudicaci\u00f3n y reducir barreras de entrada que enfrentan las empresas regionales en las operaciones mineras\u201d, coment\u00f3 Eduardo Pesenti, Presidente del Cluster Minero Atacama.<\/p>\n<p>&nbsp;<\/p>\n<p style=\"text-align: center;\"><strong>Un sello de confianza para la industria<\/strong><\/p>\n<p>&nbsp;<\/p>\n<p>Uno de los pilares de este proyecto es la validaci\u00f3n. A diferencia de un directorio com\u00fan, los proveedores que formen parte de esta plataforma deber\u00e1n acreditarse y validar su informaci\u00f3n comercial. Este proceso se regir\u00e1 por procedimientos dise\u00f1ados y consensuados por la propia industria minera agrupada en el Cluster, lo que garantiza que las empresas proveedoras cumplan con los est\u00e1ndares exigidos espec\u00edficamente por el sector minero atacame\u00f1o, reduciendo procesos redundantes e incertidumbre en torno a los procedimientos.<\/p>\n<p>\u201cPara las empresas mandantes que sustentan esta plataforma, el primer beneficio es concentrar la oferta en un punto com\u00fan a nuestra Industria, lo cual es una gran contribuci\u00f3n al encadenamiento productivo y a la cadena de suministros de cada empresa\u201d, a\u00f1adi\u00f3 Pesenti.<\/p>\n<p>La administraci\u00f3n de este sistema estar\u00e1 a cargo de CORPROA, mientras que la comisi\u00f3n t\u00e9cnica del Cluster Minero Atacama, la cual ha trabajado durante meses en esta plataforma, mantendr\u00e1 un rol activo en la supervisi\u00f3n de la herramienta, asegurando que el software evolucione seg\u00fan las necesidades de la industria.<\/p>\n","protected":false},"excerpt":{"rendered":"<p>Con el respaldo de las 16 compa\u00f1\u00edas mineras que integran el Cluster, la Corporaci\u00f3n para el Desarrollo de la Regi\u00f3n de Atacama trabaja en una&hellip; <\/p>\n","protected":false},"author":7,"featured_media":99538,"comment_status":"closed","ping_status":"closed","sticky":false,"template":"","format":"standard","meta":{"footnotes":""},"categories":[7],"tags":[],"class_list":["post-99537","post","type-post","status-publish","format-standard","has-post-thumbnail","hentry","category-atacama"],"_links":{"self":[{"href":"https:\/\/www.radioamigavallenar.cl\/index.php?rest_route=\/wp\/v2\/posts\/99537","targetHints":{"allow":["GET"]}}],"collection":[{"href":"https:\/\/www.radioamigavallenar.cl\/index.php?rest_route=\/wp\/v2\/posts"}],"about":[{"href":"https:\/\/www.radioamigavallenar.cl\/index.php?rest_route=\/wp\/v2\/types\/post"}],"author":[{"embeddable":true,"href":"https:\/\/www.radioamigavallenar.cl\/index.php?rest_route=\/wp\/v2\/users\/7"}],"replies":[{"embeddable":true,"href":"https:\/\/www.radioamigavallenar.cl\/index.php?rest_route=%2Fwp%2Fv2%2Fcomments&post=99537"}],"version-history":[{"count":1,"href":"https:\/\/www.radioamigavallenar.cl\/index.php?rest_route=\/wp\/v2\/posts\/99537\/revisions"}],"predecessor-version":[{"id":99539,"href":"https:\/\/www.radioamigavallenar.cl\/index.php?rest_route=\/wp\/v2\/posts\/99537\/revisions\/99539"}],"wp:featuredmedia":[{"embeddable":true,"href":"https:\/\/www.radioamigavallenar.cl\/index.php?rest_route=\/wp\/v2\/media\/99538"}],"wp:attachment":[{"href":"https:\/\/www.radioamigavallenar.cl\/index.php?rest_route=%2Fwp%2Fv2%2Fmedia&parent=99537"}],"wp:term":[{"taxonomy":"category","embeddable":true,"href":"https:\/\/www.radioamigavallenar.cl\/index.php?rest_route=%2Fwp%2Fv2%2Fcategories&post=99537"},{"taxonomy":"post_tag","embeddable":true,"href":"https:\/\/www.radioamigavallenar.cl\/index.php?rest_route=%2Fwp%2Fv2%2Ftags&post=99537"}],"curies":[{"name":"wp","href":"https:\/\/api.w.org\/{rel}","templated":true}]}}