{"id":99529,"date":"2026-03-12T12:09:36","date_gmt":"2026-03-12T15:09:36","guid":{"rendered":"https:\/\/www.radioamigavallenar.cl\/?p=99529"},"modified":"2026-03-12T12:09:36","modified_gmt":"2026-03-12T15:09:36","slug":"municipios-de-la-provincia-del-huasco-sostienen-mesa-de-trabajo-para-abordar-desafios-y-proyectos-conjuntos","status":"publish","type":"post","link":"https:\/\/www.radioamigavallenar.cl\/?p=99529","title":{"rendered":"Municipios de la provincia del Huasco sostienen mesa de trabajo para abordar desaf\u00edos y proyectos conjuntos"},"content":{"rendered":"<p data-pm-slice=\"1 1 []\">En la Sala de Sesiones de la Ilustre Municipalidad de Vallenar se llev\u00f3 a cabo una mesa de trabajo que reuni\u00f3 a representantes de los municipios de la Provincia del Huasco, con el objetivo de coordinar acciones y abordar diversos temas de inter\u00e9s para el desarrollo del territorio.<\/p>\n<p>La instancia cont\u00f3 con la participaci\u00f3n del alcalde subrogante de Vallenar y director de SECPLAC, Cristi\u00e1n Fuentes, junto a los alcaldes Cristian Olivares de Alto del Carmen, Fernando Ruhl de Freirina y Genaro Brice\u00f1o de Huasco.<\/p>\n<p>Durante la jornada se analizaron distintos temas de car\u00e1cter provincial, entre ellos la operaci\u00f3n del relleno sanitario provincial, los contratos asociados a la disposici\u00f3n final de residuos, iniciativas energ\u00e9ticas, arriendos, avances del Programa Territorial Integrado (PTI) y el trabajo que desarrolla la Asociaci\u00f3n de Municipios del Huasco.<\/p>\n<p>El encuentro permiti\u00f3 reforzar la coordinaci\u00f3n entre las comunas con el prop\u00f3sito de avanzar en soluciones y proyectos conjuntos que beneficien a toda la provincia.<\/p>\n<p>En la ocasi\u00f3n, representantes del Gremio Atacama Sur tambi\u00e9n presentaron el proceso de conformaci\u00f3n de una nueva corporaci\u00f3n de turismo para el Valle del Huasco. La iniciativa busca articular el trabajo entre el sector p\u00fablico y privado, con el objetivo de fortalecer el desarrollo tur\u00edstico del territorio mediante una planificaci\u00f3n con visi\u00f3n de corto, mediano y largo plazo.<\/p>\n","protected":false},"excerpt":{"rendered":"<p>En la Sala de Sesiones de la Ilustre Municipalidad de Vallenar se llev\u00f3 a cabo una mesa de trabajo que reuni\u00f3 a representantes de los&hellip; <\/p>\n","protected":false},"author":7,"featured_media":99530,"comment_status":"closed","ping_status":"closed","sticky":false,"template":"","format":"standard","meta":{"footnotes":""},"categories":[7],"tags":[],"class_list":["post-99529","post","type-post","status-publish","format-standard","has-post-thumbnail","hentry","category-atacama"],"_links":{"self":[{"href":"https:\/\/www.radioamigavallenar.cl\/index.php?rest_route=\/wp\/v2\/posts\/99529","targetHints":{"allow":["GET"]}}],"collection":[{"href":"https:\/\/www.radioamigavallenar.cl\/index.php?rest_route=\/wp\/v2\/posts"}],"about":[{"href":"https:\/\/www.radioamigavallenar.cl\/index.php?rest_route=\/wp\/v2\/types\/post"}],"author":[{"embeddable":true,"href":"https:\/\/www.radioamigavallenar.cl\/index.php?rest_route=\/wp\/v2\/users\/7"}],"replies":[{"embeddable":true,"href":"https:\/\/www.radioamigavallenar.cl\/index.php?rest_route=%2Fwp%2Fv2%2Fcomments&post=99529"}],"version-history":[{"count":1,"href":"https:\/\/www.radioamigavallenar.cl\/index.php?rest_route=\/wp\/v2\/posts\/99529\/revisions"}],"predecessor-version":[{"id":99531,"href":"https:\/\/www.radioamigavallenar.cl\/index.php?rest_route=\/wp\/v2\/posts\/99529\/revisions\/99531"}],"wp:featuredmedia":[{"embeddable":true,"href":"https:\/\/www.radioamigavallenar.cl\/index.php?rest_route=\/wp\/v2\/media\/99530"}],"wp:attachment":[{"href":"https:\/\/www.radioamigavallenar.cl\/index.php?rest_route=%2Fwp%2Fv2%2Fmedia&parent=99529"}],"wp:term":[{"taxonomy":"category","embeddable":true,"href":"https:\/\/www.radioamigavallenar.cl\/index.php?rest_route=%2Fwp%2Fv2%2Fcategories&post=99529"},{"taxonomy":"post_tag","embeddable":true,"href":"https:\/\/www.radioamigavallenar.cl\/index.php?rest_route=%2Fwp%2Fv2%2Ftags&post=99529"}],"curies":[{"name":"wp","href":"https:\/\/api.w.org\/{rel}","templated":true}]}}