{"id":99526,"date":"2026-03-12T12:07:23","date_gmt":"2026-03-12T15:07:23","guid":{"rendered":"https:\/\/www.radioamigavallenar.cl\/?p=99526"},"modified":"2026-03-12T12:07:23","modified_gmt":"2026-03-12T15:07:23","slug":"los-nuevos-montos-de-los-bonos-de-proteccion-logro-escolar-y-formalizacion-del-trabajo","status":"publish","type":"post","link":"https:\/\/www.radioamigavallenar.cl\/?p=99526","title":{"rendered":"Los nuevos montos de los bonos de Protecci\u00f3n, Logro Escolar y Formalizaci\u00f3n del Trabajo"},"content":{"rendered":"<p>A partir de marzo\u00a0<span class=\"destacador destacado\">se incrementaron los montos de tres beneficios que se entregan a quienes forman parte del Subsistema Chile Seguridades y Oportunidades<\/span>;\u00a0<strong>hablamos del Bono de Protecci\u00f3n, Logro Escolar y Formalizaci\u00f3n del Trabajo.<\/strong><\/p>\n<p>\u2018Chile Seguridades y Oportunidades\u2019 es un subsistema que pertenece al Sistema de Protecci\u00f3n Social del Ministerio de Desarrollo Social.\u00a0<strong>Est\u00e1 destinado a personas y familias vulnerables que est\u00e9n en situaci\u00f3n de pobreza extrema,<\/strong>\u00a0a quienes se les brinda apoyo integral mediante programas de acompa\u00f1amiento, servicios y bonos.<\/p>\n<p>Para formar parte,\u00a0<strong>las personas son invitadas por el Ministerio de Desarrollo Social<\/strong>\u00a0que, a trav\u00e9s del Registro Social de Hogares, conoce el escenario econ\u00f3mico de cada grupo familiar inscrito.<\/p>\n<p>Sobre esa l\u00ednea, quienes pertenezcan al subsistema y reciban los beneficios contenidos en esta publicaci\u00f3n,\u00a0<strong>ver\u00e1n un aumento en el aporte que se les otorga, tras reajustarse por la variaci\u00f3n del \u00cdndice de Precios al Consumidor (IPC).<\/strong><\/p>\n<p>Los nuevos montos de los bonos de Protecci\u00f3n, Logro Escolar y Formalizaci\u00f3n del Trabajo<\/p>\n<h3 style=\"text-align: center;\">Bono Logro Escolar<\/h3>\n<p>Este beneficio est\u00e1 dirigido a\u00a0<strong>estudiantes menores de 24 a\u00f1os que cursen entre 5.\u00b0 b\u00e1sico y 4.\u00b0 medio<\/strong>, pertenecientes al 30% m\u00e1s vulnerable de la poblaci\u00f3n, seg\u00fan el Registro Social de Hogares, y que est\u00e9n dentro del 30% de mejor rendimiento acad\u00e9mico de su promoci\u00f3n.<\/p>\n<p>Hasta febrero, el bono era de $82.181 para estudiantes que estuvieran dentro del primer 15% de mejor rendimiento de su promoci\u00f3n, y de $49.310 para el segundo 15%. Ahora qued\u00f3 as\u00ed:<\/p>\n<blockquote><p><strong>$85.057:<\/strong>\u00a0para estudiantes del primer 15% de mejor rendimiento.<br \/>\n<strong>$51.036:<\/strong>\u00a0para estudiantes del segundo 15% de mejor rendimiento.<\/p><\/blockquote>\n<h3 style=\"text-align: center;\">Bono por Formalizaci\u00f3n del Trabajo<\/h3>\n<p>Seg\u00fan explica el\u00a0<a href=\"https:\/\/www.chileseguridadesyoportunidades.gob.cl\/bono-formalizacion\" target=\"_blank\" rel=\"noopener\">portal del subsistema<\/a>,\u00a0<strong>este aporte busca reforzar la integraci\u00f3n al mundo laboral formal, dependiente o independiente<\/strong>, \u201cincentivando la cotizaci\u00f3n en el sistema previsional y contribuyendo a la protecci\u00f3n del trabajador\u201d.<\/p>\n<p>Es necesario postular y se entrega por \u00fanica vez a quienes sean mayores de 18 a\u00f1os y se integren por primera vez a un trabajo. Revisa el detalle de todos los requisitos\u00a0<a href=\"https:\/\/www.chileatiende.gob.cl\/fichas\/43868-bono-por-formalizacion-del-trabajo\" target=\"_blank\" rel=\"noopener\">AQU\u00cd<\/a>.<\/p>\n<p><strong>El bono pas\u00f3 de sus $292.275, que se pagaban hasta febrero,\u00a0<span class=\"destacador destacado\">a $302.505.<\/span><\/strong><\/p>\n<h3 style=\"text-align: center;\">Bono de Protecci\u00f3n<\/h3>\n<p>El Bono de Protecci\u00f3n consiste en una ayuda que se entrega de forma mensual durante 24 meses, la cual\u00a0<strong>busca ser un aporte a los ingresos<\/strong>\u00a0de la familia y la persona usuaria, as\u00ed como apoyar su proceso de participaci\u00f3n en los programas del subsistema.<\/p>\n<p>La variaci\u00f3n del IPC trajo una\u00a0<strong>variaci\u00f3n m\u00ednima en los montos<\/strong>\u00a0que entrega el beneficio, subiendo entre unos $400 y $800 en algunos pagos mensuales. Las cifras quedaron as\u00ed:<\/p>\n<blockquote><p>Los primeros 6 meses, el bono asciende a\u00a0<strong>$24.523.<\/strong><br \/>\nDesde el mes 7 al mes 12:\u00a0<strong>$18.664.<\/strong><br \/>\nDesde el mes 13 al mes 18:\u00a0<strong>$12.832.<\/strong><br \/>\nDesde el mes 19 al 24:\u00a0<strong>$22.007<\/strong><\/p><\/blockquote>\n","protected":false},"excerpt":{"rendered":"<p>A partir de marzo\u00a0se incrementaron los montos de tres beneficios que se entregan a quienes forman parte del Subsistema Chile Seguridades y Oportunidades;\u00a0hablamos del Bono&hellip; <\/p>\n","protected":false},"author":7,"featured_media":99527,"comment_status":"closed","ping_status":"closed","sticky":false,"template":"","format":"standard","meta":{"footnotes":""},"categories":[37],"tags":[],"class_list":["post-99526","post","type-post","status-publish","format-standard","has-post-thumbnail","hentry","category-nacional"],"_links":{"self":[{"href":"https:\/\/www.radioamigavallenar.cl\/index.php?rest_route=\/wp\/v2\/posts\/99526","targetHints":{"allow":["GET"]}}],"collection":[{"href":"https:\/\/www.radioamigavallenar.cl\/index.php?rest_route=\/wp\/v2\/posts"}],"about":[{"href":"https:\/\/www.radioamigavallenar.cl\/index.php?rest_route=\/wp\/v2\/types\/post"}],"author":[{"embeddable":true,"href":"https:\/\/www.radioamigavallenar.cl\/index.php?rest_route=\/wp\/v2\/users\/7"}],"replies":[{"embeddable":true,"href":"https:\/\/www.radioamigavallenar.cl\/index.php?rest_route=%2Fwp%2Fv2%2Fcomments&post=99526"}],"version-history":[{"count":1,"href":"https:\/\/www.radioamigavallenar.cl\/index.php?rest_route=\/wp\/v2\/posts\/99526\/revisions"}],"predecessor-version":[{"id":99528,"href":"https:\/\/www.radioamigavallenar.cl\/index.php?rest_route=\/wp\/v2\/posts\/99526\/revisions\/99528"}],"wp:featuredmedia":[{"embeddable":true,"href":"https:\/\/www.radioamigavallenar.cl\/index.php?rest_route=\/wp\/v2\/media\/99527"}],"wp:attachment":[{"href":"https:\/\/www.radioamigavallenar.cl\/index.php?rest_route=%2Fwp%2Fv2%2Fmedia&parent=99526"}],"wp:term":[{"taxonomy":"category","embeddable":true,"href":"https:\/\/www.radioamigavallenar.cl\/index.php?rest_route=%2Fwp%2Fv2%2Fcategories&post=99526"},{"taxonomy":"post_tag","embeddable":true,"href":"https:\/\/www.radioamigavallenar.cl\/index.php?rest_route=%2Fwp%2Fv2%2Ftags&post=99526"}],"curies":[{"name":"wp","href":"https:\/\/api.w.org\/{rel}","templated":true}]}}