{"id":99523,"date":"2026-03-12T10:33:17","date_gmt":"2026-03-12T13:33:17","guid":{"rendered":"https:\/\/www.radioamigavallenar.cl\/?p=99523"},"modified":"2026-03-12T10:33:17","modified_gmt":"2026-03-12T13:33:17","slug":"dolar-cotiza-estable-en-medio-de-un-petroleo-presionado-por-los-ultimos-ataques-de-iran","status":"publish","type":"post","link":"https:\/\/www.radioamigavallenar.cl\/?p=99523","title":{"rendered":"D\u00f3lar cotiza estable en medio de un petr\u00f3leo presionado por los \u00faltimos ataques de Ir\u00e1n"},"content":{"rendered":"<p>El d\u00f3lar abri\u00f3 la jornada de este jueves con una leve alza de<strong>\u00a0$0,5<\/strong>\u00a0en un escenario marcado por la fortaleza del billete verde a nivel global y por la escalada del conflicto en Medio Oriente.<\/p>\n<p>En concreto, a las 9:02 horas, el tipo de cambio se ubicaba en<strong>\u00a0$899,5 vendedor y $899 comprador.<\/strong><\/p>\n<p><strong>Diego Montalbetti,\u00a0<\/strong>analista de mercados de Capitaria, explic\u00f3 que el movimiento se da \u00aben una jornada marcada por la fortaleza del d\u00f3lar a nivel global y un contexto internacional dominado por la escalada del conflicto en Medio Oriente\u00bb.<\/p>\n<p>\u00abEl Dollar Index cotiza en la zona de los 99.200 puntos, mientras que e<strong>l cobre se mantiene relativamente estable cerca de los US$5,88 por libra en COMEX, entregando un soporte acotado al peso chileno\u00bb,<\/strong>\u00a0se\u00f1al\u00f3 el analista.<\/p>\n<p>El experto agreg\u00f3 que\u00a0<strong>\u00ablos mercados contin\u00faan reaccionando a las tensiones entre Estados Unidos, Israel e Ir\u00e1n,<\/strong>\u00a0luego de que se reportaran ataques a tanqueros en puertos de Irak y nuevas acciones militares en la regi\u00f3n\u00bb.<\/p>\n<p>Por su parte,<strong>\u00a0Emanoelle Santos,<\/strong>\u00a0analista de mercados de la app de inversiones XTB Latam, se\u00f1al\u00f3 que \u00abpara la sesi\u00f3n de hoy, el tipo de cambio podr\u00eda fluctuar entre los 886 y los 911 pesos, en un contexto donde los movimientos del d\u00f3lar global y de las materias primas seguir\u00e1n marcando la pauta\u00bb.<\/p>\n","protected":false},"excerpt":{"rendered":"<p>El d\u00f3lar abri\u00f3 la jornada de este jueves con una leve alza de\u00a0$0,5\u00a0en un escenario marcado por la fortaleza del billete verde a nivel global&hellip; <\/p>\n","protected":false},"author":7,"featured_media":98113,"comment_status":"closed","ping_status":"closed","sticky":false,"template":"","format":"standard","meta":{"footnotes":""},"categories":[37],"tags":[],"class_list":["post-99523","post","type-post","status-publish","format-standard","has-post-thumbnail","hentry","category-nacional"],"_links":{"self":[{"href":"https:\/\/www.radioamigavallenar.cl\/index.php?rest_route=\/wp\/v2\/posts\/99523","targetHints":{"allow":["GET"]}}],"collection":[{"href":"https:\/\/www.radioamigavallenar.cl\/index.php?rest_route=\/wp\/v2\/posts"}],"about":[{"href":"https:\/\/www.radioamigavallenar.cl\/index.php?rest_route=\/wp\/v2\/types\/post"}],"author":[{"embeddable":true,"href":"https:\/\/www.radioamigavallenar.cl\/index.php?rest_route=\/wp\/v2\/users\/7"}],"replies":[{"embeddable":true,"href":"https:\/\/www.radioamigavallenar.cl\/index.php?rest_route=%2Fwp%2Fv2%2Fcomments&post=99523"}],"version-history":[{"count":2,"href":"https:\/\/www.radioamigavallenar.cl\/index.php?rest_route=\/wp\/v2\/posts\/99523\/revisions"}],"predecessor-version":[{"id":99525,"href":"https:\/\/www.radioamigavallenar.cl\/index.php?rest_route=\/wp\/v2\/posts\/99523\/revisions\/99525"}],"wp:featuredmedia":[{"embeddable":true,"href":"https:\/\/www.radioamigavallenar.cl\/index.php?rest_route=\/wp\/v2\/media\/98113"}],"wp:attachment":[{"href":"https:\/\/www.radioamigavallenar.cl\/index.php?rest_route=%2Fwp%2Fv2%2Fmedia&parent=99523"}],"wp:term":[{"taxonomy":"category","embeddable":true,"href":"https:\/\/www.radioamigavallenar.cl\/index.php?rest_route=%2Fwp%2Fv2%2Fcategories&post=99523"},{"taxonomy":"post_tag","embeddable":true,"href":"https:\/\/www.radioamigavallenar.cl\/index.php?rest_route=%2Fwp%2Fv2%2Ftags&post=99523"}],"curies":[{"name":"wp","href":"https:\/\/api.w.org\/{rel}","templated":true}]}}