{"id":99520,"date":"2026-03-12T10:22:19","date_gmt":"2026-03-12T13:22:19","guid":{"rendered":"https:\/\/www.radioamigavallenar.cl\/?p=99520"},"modified":"2026-03-12T10:22:19","modified_gmt":"2026-03-12T13:22:19","slug":"fiscalia-de-vallenar-recibe-denuncia-por-hechos-ocurridos-en-establecimiento-educacional","status":"publish","type":"post","link":"https:\/\/www.radioamigavallenar.cl\/?p=99520","title":{"rendered":"Fiscal\u00eda de Vallenar recibe denuncia por hechos ocurridos en establecimiento educacional"},"content":{"rendered":"<p>La Fiscal\u00eda Local de Vallenar confirm\u00f3 el ingreso de una denuncia relacionada con supuestos hechos de connotaci\u00f3n sexual que habr\u00edan ocurrido en el Liceo San Francisco de la comuna, situaci\u00f3n que actualmente se encuentra en etapa de revisi\u00f3n por parte del Ministerio P\u00fablico.<\/p>\n<p data-start=\"347\" data-end=\"651\">De acuerdo con la informaci\u00f3n disponible, los antecedentes fueron remitidos a la Fiscal\u00eda para su an\u00e1lisis, instancia en la que se evaluar\u00e1n los detalles del caso y se determinar\u00e1n las diligencias investigativas que correspondan, siguiendo el conducto regular que se aplica para este tipo de situaciones.<\/p>\n<p data-start=\"653\" data-end=\"1047\">Seg\u00fan lo informado por la direcci\u00f3n del establecimiento educacional, el caso qued\u00f3 al descubierto luego de una indagatoria realizada por el equipo de convivencia escolar, instancia en la que un estudiante denunci\u00f3 una situaci\u00f3n en la que estar\u00eda involucrado un docente. Tras conocerse el hecho, se activ\u00f3 el protocolo correspondiente establecido en el Reglamento Interno de Convivencia Escolar.<\/p>\n<p data-start=\"1049\" data-end=\"1373\">En el mismo comunicado se se\u00f1ala que los antecedentes fueron derivados al Ministerio P\u00fablico para que se lleve adelante la investigaci\u00f3n respectiva y se determinen eventuales responsabilidades. Asimismo, desde el mismo d\u00eda en que se conoci\u00f3 la denuncia, el docente involucrado dej\u00f3 de formar parte de la comunidad educativa.<\/p>\n<p data-start=\"1375\" data-end=\"1669\">Durante la jornada siguiente, estudiantes del establecimiento realizaron una manifestaci\u00f3n pac\u00edfica al interior del recinto, expresando su preocupaci\u00f3n y malestar frente a la situaci\u00f3n. La movilizaci\u00f3n se desarroll\u00f3 de manera espont\u00e1nea y busc\u00f3 visibilizar inquietudes relacionadas con el caso y otras situaciones.<\/p>\n<p data-start=\"1671\" data-end=\"2067\">Por su parte, el Centro de Estudiantes del establecimiento inform\u00f3 que durante la ma\u00f1ana de ayer, se sostuvo una reuni\u00f3n con la direcci\u00f3n del liceo, instancia en la que se les explic\u00f3 el estado actual de la situaci\u00f3n y las medidas adoptadas por el establecimiento. En ese contexto, se indic\u00f3 que el caso ya se encuentra en conocimiento de la Fiscal\u00eda y que el liceo activ\u00f3 los protocolos correspondientes.<\/p>\n<p data-start=\"2069\" data-end=\"2417\">Desde la organizaci\u00f3n estudiantil se\u00f1alaron adem\u00e1s que, debido a la conmoci\u00f3n generada, algunos alumnos han aprovechado la instancia para dar a conocer otras inquietudes que afectan a la comunidad escolar, por lo que hicieron un llamado a canalizar dichas situaciones a trav\u00e9s de los espacios formales del establecimiento, como convivencia escolar.<\/p>\n<p data-start=\"2419\" data-end=\"2698\">En tanto, la direcci\u00f3n del establecimiento inform\u00f3 que se dispondr\u00e1 de una jornada de reflexi\u00f3n al interior de los cursos con el objetivo de abordar las inquietudes surgidas tras los hechos y generar un espacio de di\u00e1logo dentro de la comunidad educativa. Durante la jornada de ayer hubo diversas reuniones con los apoderados del colegio, donde se dio a conocer esta situaci\u00f3n y las medidas tomadas por el caso.<\/p>\n<p>El Noticiero del Huasco tom\u00f3 contacto con el establecimiento educacional y quedaron de entregar informaci\u00f3n sobre el hecho, pero al cierre de esta edici\u00f3n no existi\u00f3 mayor informaci\u00f3n.<\/p>\n<p>&nbsp;<\/p>\n<p>Fuente: <a href=\"https:\/\/elnoticierodelhuasco.cl\/2026\/03\/fiscalia-de-vallenar-recibe-denuncia-por-hechos-ocurridos-en-establecimiento-educacional\/\" target=\"_blank\" rel=\"noopener\">El Noticiero Del Huasco<\/a><\/p>\n","protected":false},"excerpt":{"rendered":"<p>La Fiscal\u00eda Local de Vallenar confirm\u00f3 el ingreso de una denuncia relacionada con supuestos hechos de connotaci\u00f3n sexual que habr\u00edan ocurrido en el Liceo San&hellip; <\/p>\n","protected":false},"author":7,"featured_media":61951,"comment_status":"closed","ping_status":"closed","sticky":false,"template":"","format":"standard","meta":{"footnotes":""},"categories":[7],"tags":[],"class_list":["post-99520","post","type-post","status-publish","format-standard","has-post-thumbnail","hentry","category-atacama"],"_links":{"self":[{"href":"https:\/\/www.radioamigavallenar.cl\/index.php?rest_route=\/wp\/v2\/posts\/99520","targetHints":{"allow":["GET"]}}],"collection":[{"href":"https:\/\/www.radioamigavallenar.cl\/index.php?rest_route=\/wp\/v2\/posts"}],"about":[{"href":"https:\/\/www.radioamigavallenar.cl\/index.php?rest_route=\/wp\/v2\/types\/post"}],"author":[{"embeddable":true,"href":"https:\/\/www.radioamigavallenar.cl\/index.php?rest_route=\/wp\/v2\/users\/7"}],"replies":[{"embeddable":true,"href":"https:\/\/www.radioamigavallenar.cl\/index.php?rest_route=%2Fwp%2Fv2%2Fcomments&post=99520"}],"version-history":[{"count":1,"href":"https:\/\/www.radioamigavallenar.cl\/index.php?rest_route=\/wp\/v2\/posts\/99520\/revisions"}],"predecessor-version":[{"id":99521,"href":"https:\/\/www.radioamigavallenar.cl\/index.php?rest_route=\/wp\/v2\/posts\/99520\/revisions\/99521"}],"wp:featuredmedia":[{"embeddable":true,"href":"https:\/\/www.radioamigavallenar.cl\/index.php?rest_route=\/wp\/v2\/media\/61951"}],"wp:attachment":[{"href":"https:\/\/www.radioamigavallenar.cl\/index.php?rest_route=%2Fwp%2Fv2%2Fmedia&parent=99520"}],"wp:term":[{"taxonomy":"category","embeddable":true,"href":"https:\/\/www.radioamigavallenar.cl\/index.php?rest_route=%2Fwp%2Fv2%2Fcategories&post=99520"},{"taxonomy":"post_tag","embeddable":true,"href":"https:\/\/www.radioamigavallenar.cl\/index.php?rest_route=%2Fwp%2Fv2%2Ftags&post=99520"}],"curies":[{"name":"wp","href":"https:\/\/api.w.org\/{rel}","templated":true}]}}