{"id":99517,"date":"2026-03-12T10:19:22","date_gmt":"2026-03-12T13:19:22","guid":{"rendered":"https:\/\/www.radioamigavallenar.cl\/?p=99517"},"modified":"2026-03-12T10:19:22","modified_gmt":"2026-03-12T13:19:22","slug":"daniella-cicardini-tras-jurar-en-el-senado-asumo-este-desafio-con-la-bandera-de-atacama-en-alto","status":"publish","type":"post","link":"https:\/\/www.radioamigavallenar.cl\/?p=99517","title":{"rendered":"Daniella Cicardini tras jurar en el Senado: \u201cAsumo este desaf\u00edo con la bandera de Atacama en alto\u201d"},"content":{"rendered":"<p>\u201cSeremos tierra f\u00e9rtil para acuerdos que beneficien a Chile, pero un muro de piedra para todo lo que signifique retrocesos\u201d, enfatiz\u00f3 la flamante senadora.<\/p>\n<p>En una jornada marcada por el cambio de ciclo pol\u00edtico en el pa\u00eds, la ahora senadora por Atacama, Daniella Cicardini (PS), asumi\u00f3 formalmente, este 11 de marzo, su esca\u00f1o en la C\u00e1mara Alta, tras 12 a\u00f1os de labor en la C\u00e1mara de Diputadas y Diputados y luego de obtener primer mayor\u00eda nacional porcentual en las elecciones de noviembre pasado.<\/p>\n<div class=\"code-block code-block-3\">\n<div id=\"sas_99435\">Cicardini estuvo acompa\u00f1ada en la sesi\u00f3n desde las tribunas por una delegaci\u00f3n de alcaldes Atacama invitados por la parlamentaria: Maglio Cicardini (Copiap\u00f3), Crist\u00f3bal Z\u00fa\u00f1iga (Tierra Amarilla), Victor Isla (Vallenar), Genaro Brice\u00f1o (Huasco) y Cristian Olivares (Alto del Carmen), en una clara se\u00f1al de respaldo y unidad territorial.<\/div>\n<\/div>\n<p>Tras jurar como senadora, la legisladora manifest\u00f3 que \u201cAsum\u00ed hoy este desaf\u00edo con la bandera de Atacama en alto en el Senado, pero sobre todo, con el mandato de nuestra gente en el coraz\u00f3n\u201d, declar\u00f3 emocionada.<\/p>\n<p>En esa l\u00ednea, record\u00f3 que su lucha principal ser\u00e1 ser una voz de los territorios y dar continuidad a su tarea de revertir la postergaci\u00f3n y desigualdad que vive la regi\u00f3n. \u201cAtacama lo da todo por Chile y es la regi\u00f3n que m\u00e1s crece, pero recibe a cambio migajas en salud, empleo, seguridad o educaci\u00f3n. Mi misi\u00f3n ser\u00e1 seguir empujando por cobrar esa deuda hist\u00f3rica, tal como lo hicimos con el royalty minero, para que nuestra riqueza se quede para mejorar la vida de la gente\u201d, afirm\u00f3 Cicardin.<\/p>\n<p>&nbsp;<\/p>\n<p style=\"text-align: center;\"><strong>Muro de contenci\u00f3n<\/strong><\/p>\n<p>&nbsp;<\/p>\n<p>Frente a su rol en el Senado y el escenario pol\u00edtico nacional, Cicardini deline\u00f3 que ante el gobierno del presidente Jos\u00e9 Antonio Kast, su foco estar\u00e1 en la protecci\u00f3n de los avances sociales logrados en la \u00faltima d\u00e9cada.<\/p>\n<p>\u201cSer\u00e9 una senadora presente, en terreno, y constructiva cuando se trate de avanzar, pero un muro de contenci\u00f3n frente a cualquier intento del nuevo gobierno de retroceder en derechos para Chile, sus mujeres o trabajadores, o en cualquier injusticia y postergaci\u00f3n para Atacama. Ese ser\u00e1 mi foco y el centro de mis esfuerzos en este nuevo rol como senadora\u201d, enfatiz\u00f3.<\/p>\n<p>Asimismo, precis\u00f3 que no ser\u00e1 una oposici\u00f3n obstructiva, pero s\u00ed vigilante: \u201cAl presidente Kast y su gobierno le deseamos lo mejor por el bien de Chile. Ejerceremos una oposici\u00f3n dialogante, dispuesta al acuerdo y con mirada pa\u00eds, pero vigilante a cualquier intento de retroceso de derechos sociales, de g\u00e9nero o contra las y los trabajadores. Seremos tierra f\u00e9rtil y constructiva para todo lo que signifique mejor salud, bienestar, seguridad y empleo para la gente; pero un muro de piedra para todo lo que signifique retrocesos\u201d, subray\u00f3.<\/p>\n","protected":false},"excerpt":{"rendered":"<p>\u201cSeremos tierra f\u00e9rtil para acuerdos que beneficien a Chile, pero un muro de piedra para todo lo que signifique retrocesos\u201d, enfatiz\u00f3 la flamante senadora. En&hellip; <\/p>\n","protected":false},"author":7,"featured_media":99518,"comment_status":"closed","ping_status":"closed","sticky":false,"template":"","format":"standard","meta":{"footnotes":""},"categories":[7],"tags":[],"class_list":["post-99517","post","type-post","status-publish","format-standard","has-post-thumbnail","hentry","category-atacama"],"_links":{"self":[{"href":"https:\/\/www.radioamigavallenar.cl\/index.php?rest_route=\/wp\/v2\/posts\/99517","targetHints":{"allow":["GET"]}}],"collection":[{"href":"https:\/\/www.radioamigavallenar.cl\/index.php?rest_route=\/wp\/v2\/posts"}],"about":[{"href":"https:\/\/www.radioamigavallenar.cl\/index.php?rest_route=\/wp\/v2\/types\/post"}],"author":[{"embeddable":true,"href":"https:\/\/www.radioamigavallenar.cl\/index.php?rest_route=\/wp\/v2\/users\/7"}],"replies":[{"embeddable":true,"href":"https:\/\/www.radioamigavallenar.cl\/index.php?rest_route=%2Fwp%2Fv2%2Fcomments&post=99517"}],"version-history":[{"count":1,"href":"https:\/\/www.radioamigavallenar.cl\/index.php?rest_route=\/wp\/v2\/posts\/99517\/revisions"}],"predecessor-version":[{"id":99519,"href":"https:\/\/www.radioamigavallenar.cl\/index.php?rest_route=\/wp\/v2\/posts\/99517\/revisions\/99519"}],"wp:featuredmedia":[{"embeddable":true,"href":"https:\/\/www.radioamigavallenar.cl\/index.php?rest_route=\/wp\/v2\/media\/99518"}],"wp:attachment":[{"href":"https:\/\/www.radioamigavallenar.cl\/index.php?rest_route=%2Fwp%2Fv2%2Fmedia&parent=99517"}],"wp:term":[{"taxonomy":"category","embeddable":true,"href":"https:\/\/www.radioamigavallenar.cl\/index.php?rest_route=%2Fwp%2Fv2%2Fcategories&post=99517"},{"taxonomy":"post_tag","embeddable":true,"href":"https:\/\/www.radioamigavallenar.cl\/index.php?rest_route=%2Fwp%2Fv2%2Ftags&post=99517"}],"curies":[{"name":"wp","href":"https:\/\/api.w.org\/{rel}","templated":true}]}}