{"id":99514,"date":"2026-03-12T10:17:57","date_gmt":"2026-03-12T13:17:57","guid":{"rendered":"https:\/\/www.radioamigavallenar.cl\/?p=99514"},"modified":"2026-03-12T10:17:57","modified_gmt":"2026-03-12T13:17:57","slug":"presidenta-del-senado-si-el-gobierno-saca-proyectos-prioritarios-en-90-dias-sala-cuna-no-puede-esperar","status":"publish","type":"post","link":"https:\/\/www.radioamigavallenar.cl\/?p=99514","title":{"rendered":"Presidenta del Senado: Si el Gobierno saca proyectos prioritarios en 90 d\u00edas, Sala Cuna no puede esperar"},"content":{"rendered":"<p>La presidenta de la C\u00e1mara Alta,\u00a0la senadora de Renovaci\u00f3n Nacional\u00a0Paulina N\u00fa\u00f1ez, afirm\u00f3\u00a0que\u00a0\u00abel proyecto de Sala Cuna universal debe ser una de las prioridades legislativas\u00bb\u00a0del inicio del Gobierno del Presidente\u00a0Jos\u00e9 Antonio Kast, especialmente si el Ejecutivo pretende sacar adelante\u00a0iniciativas clave en un plazo de 90 d\u00edas.<\/p>\n<p>La parlamentaria record\u00f3 su participaci\u00f3n en la discusi\u00f3n de la iniciativa y recalc\u00f3 que\u00a0su tramitaci\u00f3n no deber\u00eda seguir posterg\u00e1ndose.<\/p>\n<p>\u00abPara m\u00ed es muy sentido: llevo siete a\u00f1os en la Comisi\u00f3n de Mujer y Equidad de G\u00e9nero, particip\u00e9 de la discusi\u00f3n en la Comisi\u00f3n de Educaci\u00f3n e\u00a0hice todos los esfuerzos en los \u00faltimos d\u00edas de la administraci\u00f3n anterior para que pudiera ver la luz\u00bb, se\u00f1al\u00f3.<\/p>\n<p>\u00abSi el Gobierno se va a fijar un plazo de 90 d\u00edas para sacar adelante proyectos prioritarios,\u00a0evidentemente que Sala Cuna no puede esperar\u00bb, enfatiz\u00f3.<\/p>\n<p>N\u00fa\u00f1ez plante\u00f3 adem\u00e1s que, junto con esa iniciativa, el Congreso deber\u00eda avanzar con rapidez en materias\u00a0vinculadas a seguridad p\u00fablica, crimen organizado y migraci\u00f3n irregular.<\/p>\n<p>A su juicio, existe un diagn\u00f3stico claro respecto de las prioridades ciudadanas y por ello plante\u00f3 la posibilidad de\u00a0impulsar un \u00abfast track legislativo 2.0\u00bb\u00a0-a semejanza del que se implement\u00f3\u00a0durante el Gobierno de Gabriel Boric- para abordar estas materias.<\/p>\n<p>\u00abEl 58% de los chilenos que votaron por el Presidente Kast lo hicieron inclin\u00e1ndose\u00a0por la necesidad de tener un pa\u00eds m\u00e1s ordenado y m\u00e1s seguro\u00bb, afirm\u00f3.<\/p>\n<p>En ese marco, tambi\u00e9n respald\u00f3 el proyecto que busca\u00a0tipificar como delito el ingreso irregular al pa\u00eds, aunque aclar\u00f3 que la sanci\u00f3n deber\u00eda apuntar principalmente a facilitar la expulsi\u00f3n de quienes ingresen ilegalmente.<\/p>\n<p>\u00abLa pena l\u00f3gicamente no va a ser la c\u00e1rcel,\u00a0sino un proceso m\u00e1s expedito de expulsi\u00f3n\u00bb, explic\u00f3.<\/p>\n<p>La senadora tambi\u00e9n sostuvo que, con su sector encabezando el Ejecutivo y las presidencias de ambas c\u00e1maras del Congreso, existe\u00a0una responsabilidad mayor para avanzar en la agenda legislativa.<\/p>\n<p>\u00abTenemos Gobierno, tenemos presidencia en la C\u00e1mara, tenemos presidencia en el Senado; voy a decirlo de esta manera:\u00a0no tenemos excusa para poder avanzar en una agenda legislativa\u00a0que responda, primero, a un programa de gobierno y, en el caso del Senado, a lograr acuerdos y proyectar este acuerdo de gobernabilidad\u00bb, afirm\u00f3.<\/p>\n<p>En ese contexto, recalc\u00f3 que ello no significa\u00a0imponer proyectos sin di\u00e1logo con la oposici\u00f3n:\u00a0\u00abNunca ha sido mi forma de hacer pol\u00edtica. Y creo que eso ayer fue una de las consecuencias de haber obtenido votos que, insisto, no estaban ni siquiera en el acuerdo\u00bb, se\u00f1al\u00f3.<\/p>\n<h2 style=\"text-align: center;\">Conmutaciones: \u00abAs\u00ed como est\u00e1, no puede ser ley\u00bb<\/h2>\n<p>N\u00fa\u00f1ez tambi\u00e9n abord\u00f3 el proyecto de conmutaci\u00f3n de penas que se discute en el Congreso y\u00a0plante\u00f3 reparos a su redacci\u00f3n actual, advirtiendo que debe ser modificado durante su tramitaci\u00f3n.<\/p>\n<p>\u00abEn el caso del proyecto de conmutaci\u00f3n de penas, lo primero que voy a decir:\u00a0as\u00ed como est\u00e1, eso no puede ser ley\u00bb, afirm\u00f3, agregando que desde su partido ya anunciaron\u00a0\u00abuna bater\u00eda de indicaciones\u00bb para modificar la iniciativa\u00a0y abrir una discusi\u00f3n m\u00e1s amplia.<\/p>\n<p>&nbsp;<\/p>\n<p>Adem\u00e1s, sostuvo que ser\u00eda una se\u00f1al positiva que\u00a0el Ejecutivo tambi\u00e9n intervenga en el debate legislativo:\u00a0\u00abSer\u00eda una muy buena se\u00f1al que\u00a0el Gobierno tambi\u00e9n ingresara sus propias indicaciones\u00a0o le pusiera urgencia a las que presentaron los partidos que est\u00e1n colaborando con el Gobierno\u00bb, se\u00f1al\u00f3.<\/p>\n<p>&nbsp;<\/p>\n<p>La legisladora calific\u00f3 la situaci\u00f3n como\u00a0\u00abun error no forzado\u00bb\u00a0y advirti\u00f3 que, de aprobarse sin cambios, la propuesta podr\u00eda generar efectos no deseados.<\/p>\n<p>\u00abDistinto es que aprobando aquello terminemos sacando\u00a0una cuesti\u00f3n que no tiene ni siquiera sentido com\u00fan\u00bb, afirm\u00f3.<\/p>\n<h2 style=\"text-align: center;\">Revisi\u00f3n de gastos en el Senado<\/h2>\n<p>La nueva presidenta de la C\u00e1mara Alta tambi\u00e9n se refiri\u00f3 a la posibilidad de\u00a0revisar la planta y las remuneraciones del Senado, en medio del debate sobre los gastos del aparato p\u00fablico.<\/p>\n<p>Si bien se mostr\u00f3 disponible a avanzar en cambios, marc\u00f3 un matiz respecto de la forma en que se abord\u00f3 el tema\u00a0durante la gesti\u00f3n de su antecesor, el tambi\u00e9n RN\u00a0Manuel Jos\u00e9 Ossand\u00f3n.<\/p>\n<p>\u00abEstoy de acuerdo con no solo una revisi\u00f3n, sino con los cambios que haya que hacer, pero las formas son importantes. Cuando uno produce cambios que eventualmente se pueden\u00a0traducir en reducci\u00f3n de la planta o de remuneraciones, eso no puede ser por la prensa\u00bb, sostuvo.<\/p>\n<p>La senadora a\u00f1adi\u00f3 que cualquier modificaci\u00f3n deber\u00eda realizarse\u00a0con di\u00e1logo interno y acuerdos amplios dentro de la corporaci\u00f3n.<\/p>\n","protected":false},"excerpt":{"rendered":"<p>La presidenta de la C\u00e1mara Alta,\u00a0la senadora de Renovaci\u00f3n Nacional\u00a0Paulina N\u00fa\u00f1ez, afirm\u00f3\u00a0que\u00a0\u00abel proyecto de Sala Cuna universal debe ser una de las prioridades legislativas\u00bb\u00a0del inicio&hellip; <\/p>\n","protected":false},"author":7,"featured_media":99515,"comment_status":"closed","ping_status":"closed","sticky":false,"template":"","format":"standard","meta":{"footnotes":""},"categories":[37],"tags":[],"class_list":["post-99514","post","type-post","status-publish","format-standard","has-post-thumbnail","hentry","category-nacional"],"_links":{"self":[{"href":"https:\/\/www.radioamigavallenar.cl\/index.php?rest_route=\/wp\/v2\/posts\/99514","targetHints":{"allow":["GET"]}}],"collection":[{"href":"https:\/\/www.radioamigavallenar.cl\/index.php?rest_route=\/wp\/v2\/posts"}],"about":[{"href":"https:\/\/www.radioamigavallenar.cl\/index.php?rest_route=\/wp\/v2\/types\/post"}],"author":[{"embeddable":true,"href":"https:\/\/www.radioamigavallenar.cl\/index.php?rest_route=\/wp\/v2\/users\/7"}],"replies":[{"embeddable":true,"href":"https:\/\/www.radioamigavallenar.cl\/index.php?rest_route=%2Fwp%2Fv2%2Fcomments&post=99514"}],"version-history":[{"count":1,"href":"https:\/\/www.radioamigavallenar.cl\/index.php?rest_route=\/wp\/v2\/posts\/99514\/revisions"}],"predecessor-version":[{"id":99516,"href":"https:\/\/www.radioamigavallenar.cl\/index.php?rest_route=\/wp\/v2\/posts\/99514\/revisions\/99516"}],"wp:featuredmedia":[{"embeddable":true,"href":"https:\/\/www.radioamigavallenar.cl\/index.php?rest_route=\/wp\/v2\/media\/99515"}],"wp:attachment":[{"href":"https:\/\/www.radioamigavallenar.cl\/index.php?rest_route=%2Fwp%2Fv2%2Fmedia&parent=99514"}],"wp:term":[{"taxonomy":"category","embeddable":true,"href":"https:\/\/www.radioamigavallenar.cl\/index.php?rest_route=%2Fwp%2Fv2%2Fcategories&post=99514"},{"taxonomy":"post_tag","embeddable":true,"href":"https:\/\/www.radioamigavallenar.cl\/index.php?rest_route=%2Fwp%2Fv2%2Ftags&post=99514"}],"curies":[{"name":"wp","href":"https:\/\/api.w.org\/{rel}","templated":true}]}}