{"id":99511,"date":"2026-03-12T10:14:58","date_gmt":"2026-03-12T13:14:58","guid":{"rendered":"https:\/\/www.radioamigavallenar.cl\/?p=99511"},"modified":"2026-03-12T10:14:58","modified_gmt":"2026-03-12T13:14:58","slug":"gobierno-saliente-autorizo-a-tvn-a-endeudarse-por-mas-de-7-mil-millones-con-garantia-estatal","status":"publish","type":"post","link":"https:\/\/www.radioamigavallenar.cl\/?p=99511","title":{"rendered":"Gobierno saliente autoriz\u00f3 a TVN a endeudarse por m\u00e1s de $7 mil millones con garant\u00eda estatal"},"content":{"rendered":"<p>En medio de los cuestionamientos por el d\u00e9ficit fiscal y el mismo d\u00eda del cambio de mando, el Diario Oficial public\u00f3 uno de los \u00faltimos decretos del hoy expresidente\u00a0<strong>Gabriel Boric<\/strong>. Se trata de una norma del Ministerio de Hacienda que\u00a0<span class=\"destacador destacado\">permite a Televisi\u00f3n Nacional de Chile (TVN) pactar un pr\u00e9stamo con el Banco BICE por hasta UF 176.600, es decir 7.036 millones de pesos, para capital de trabajo e inversiones durante 2026<\/span>. Todo con garant\u00eda estatal.<\/p>\n<p>La autorizaci\u00f3n, que tambi\u00e9n lleva la firma del exministro de Hacienda\u00a0<strong>Nicol\u00e1s Grau<\/strong>\u00a0y de la exsubsecretaria\u00a0<strong>Heidi Berner<\/strong>,\u00a0<strong>establece un plazo de hasta 10 a\u00f1os para el pago de la deuda<\/strong>; contados desde la fecha de cierre del contrato con la entidad financiera. El documento explicita que la garant\u00eda del pr\u00e9stamo es la Rep\u00fablica de Chile.<\/p>\n<p>El decreto detalla en sus considerandos que el Directorio TVN aprob\u00f3 por unanimidad, en su sesi\u00f3n ordinaria N\u00b0 723 de 2025, autorizar a la administraci\u00f3n para contratar el cr\u00e9dito, lo que vis\u00f3 el exjefe de Estado, Gabriel Boric.<\/p>\n<p>\u201cEn sesi\u00f3n ordinaria N\u00b0 723, de 2025, citada en los vistos, el Directorio de la empresa aprob\u00f3 por unanimidad autorizar a la Administraci\u00f3n para contratar un cr\u00e9dito con el Banco BICE por hasta UF 176.600 (ciento setenta y seis mil seiscientas Unidades de Fomento), o su equivalente en pesos, destinado a asegurar el financiamiento de capital de trabajo e inversiones durante el a\u00f1o 2026\u201d, se lee en el considerando 3 del decreto.<\/p>\n<h2>Condiciones del cr\u00e9dito solicitado por TVN y autorizado por Boric<\/h2>\n<p>De acuerdo con el\u00a0<a href=\"https:\/\/www.diariooficial.interior.gob.cl\/publicaciones\/2026\/03\/11\/44397\/02\/2782131.pdf\" target=\"_blank\" rel=\"noopener\">documento<\/a>, el cr\u00e9dito autorizado tiene una tasa de inter\u00e9s de UF m\u00e1s 3,90% anual, con pago de intereses anual a partir de la fecha de desembolso.\u00a0<strong>La amortizaci\u00f3n se establece como \u00fanica en la fecha de vencimiento, en la modalidad conocida como bullet<\/strong>\u00a0(instrumentos de deuda donde el capital se devuelve \u00edntegro al final del plazo). Adem\u00e1s, se contempla una comisi\u00f3n de estructuraci\u00f3n de UF 2.550 m\u00e1s IVA.<\/p>\n<p>El periodo de disponibilidad del cr\u00e9dito y la\u00a0<strong>fecha m\u00e1xima para el desembolso se extienden hasta el 30 de marzo de 2026<\/strong>, seg\u00fan lo estipulado en el documento. Este mismo plazo rige para la validez de la autorizaci\u00f3n otorgada por el Ministerio de Hacienda. El decreto especifica que todos los gastos e impuestos relacionados con el pr\u00e9stamo ser\u00e1n de cargo de TVN.<\/p>\n<blockquote><p>\u201cEl\u00a0<strong>plazo de validez de la presente autorizaci\u00f3n vence el 30 de marzo del 2026<\/strong>\u201c, establece el art\u00edculo V del decreto, agregando en su art\u00edculo VI que se autoriza al Tesorero General de la Rep\u00fablica para que otorgue la garant\u00eda estatal a la contrataci\u00f3n de cr\u00e9dito.<\/p><\/blockquote>\n<p>La Contralor\u00eda General de la Rep\u00fablica, a trav\u00e9s de su Divisi\u00f3n de Contabilidad y Finanzas P\u00fablicas, curs\u00f3 el decreto con fecha 4 de marzo de 2026 mediante el oficio N\u00b0 OF44037. La contralora\u00a0<strong>Dorothy P\u00e9rez<\/strong> hizo presente que el control de legalidad realizado no implica un pronunciamiento sobre las materias exentas de dicho examen.<\/p>\n<h2 style=\"text-align: center;\">Origen de la solicitud de TVN visada por Boric<\/h2>\n<p>El proceso se inici\u00f3 con el oficio reservado N\u00b0 28 del Ministerio de Hacienda, que autoriz\u00f3 a TVN a iniciar gestiones para contratar endeudamiento con garant\u00eda estatal ante entidades financieras locales por hasta 24.000 millones de pesos. Previamente, mediante el decreto supremo N\u00b0 1 de 2025, se hab\u00eda autorizado a la empresa a contratar un cr\u00e9dito de largo plazo con el Banco Security por hasta UF 314.785.<\/p>\n<p>La empresa formaliz\u00f3 su solicitud de endeudamiento con garant\u00eda del Estado a trav\u00e9s de una carta enviada en diciembre de 2025. Para respaldar la petici\u00f3n, Televisi\u00f3n Nacional remiti\u00f3 su Presupuesto de Caja para el a\u00f1o 2026 mediante la carta N\u00b0 30-25, y posteriormente complement\u00f3 la informaci\u00f3n financiera con otra carta fechada el 21 de enero de 2026.<\/p>\n<blockquote><p>\u201cMediante las cartas N\u00b0 30-25, de 2025, y S\/N, de 2026, citadas en los vistos, la empresa remiti\u00f3 su Presupuesto de Caja para el a\u00f1o 2026 y proporcion\u00f3 informaci\u00f3n financiera adicional complementaria al flujo de caja de la empresa, cuyos antecedentes financieros fueron analizados, determin\u00e1ndose a autorizar la solicitud de endeudamiento\u201d, indica el considerando 5 del decreto.<\/p><\/blockquote>\n<p>As\u00ed las cosas, el 8 de enero de 2026 se celebr\u00f3 un Convenio de Programaci\u00f3n entre el Sistema de Empresas SEP y Televisi\u00f3n Nacional de Chile, el cual tambi\u00e9n forma parte de los vistos considerados para la autorizaci\u00f3n. Este convenio se suma a los antecedentes aceptados por el Ministerio de Hacienda en los d\u00edas previos al cambio de mando.<\/p>\n<h2 style=\"text-align: center;\">Impacto de la medida<\/h2>\n<p>El pr\u00e9stamo de hasta UF 176.600, equivalentes a m\u00e1s de 7 mil millones de pesos al valor actual, est\u00e1 destinado espec\u00edficamente a\u00a0<strong>financiar capital de trabajo e inversiones<\/strong>.<\/p>\n<p>As\u00ed, el decreto que lleva la r\u00fabrica de Boric autoriza al Tesorero General de la Rep\u00fablica para que otorgue dicha garant\u00eda a TVN frente al citado banco, conforme a lo establecido en la ley de Presupuesto del Sector P\u00fablico correspondiente al a\u00f1o 2026.<\/p>\n","protected":false},"excerpt":{"rendered":"<p>En medio de los cuestionamientos por el d\u00e9ficit fiscal y el mismo d\u00eda del cambio de mando, el Diario Oficial public\u00f3 uno de los \u00faltimos&hellip; <\/p>\n","protected":false},"author":7,"featured_media":99512,"comment_status":"closed","ping_status":"closed","sticky":false,"template":"","format":"standard","meta":{"footnotes":""},"categories":[37],"tags":[],"class_list":["post-99511","post","type-post","status-publish","format-standard","has-post-thumbnail","hentry","category-nacional"],"_links":{"self":[{"href":"https:\/\/www.radioamigavallenar.cl\/index.php?rest_route=\/wp\/v2\/posts\/99511","targetHints":{"allow":["GET"]}}],"collection":[{"href":"https:\/\/www.radioamigavallenar.cl\/index.php?rest_route=\/wp\/v2\/posts"}],"about":[{"href":"https:\/\/www.radioamigavallenar.cl\/index.php?rest_route=\/wp\/v2\/types\/post"}],"author":[{"embeddable":true,"href":"https:\/\/www.radioamigavallenar.cl\/index.php?rest_route=\/wp\/v2\/users\/7"}],"replies":[{"embeddable":true,"href":"https:\/\/www.radioamigavallenar.cl\/index.php?rest_route=%2Fwp%2Fv2%2Fcomments&post=99511"}],"version-history":[{"count":1,"href":"https:\/\/www.radioamigavallenar.cl\/index.php?rest_route=\/wp\/v2\/posts\/99511\/revisions"}],"predecessor-version":[{"id":99513,"href":"https:\/\/www.radioamigavallenar.cl\/index.php?rest_route=\/wp\/v2\/posts\/99511\/revisions\/99513"}],"wp:featuredmedia":[{"embeddable":true,"href":"https:\/\/www.radioamigavallenar.cl\/index.php?rest_route=\/wp\/v2\/media\/99512"}],"wp:attachment":[{"href":"https:\/\/www.radioamigavallenar.cl\/index.php?rest_route=%2Fwp%2Fv2%2Fmedia&parent=99511"}],"wp:term":[{"taxonomy":"category","embeddable":true,"href":"https:\/\/www.radioamigavallenar.cl\/index.php?rest_route=%2Fwp%2Fv2%2Fcategories&post=99511"},{"taxonomy":"post_tag","embeddable":true,"href":"https:\/\/www.radioamigavallenar.cl\/index.php?rest_route=%2Fwp%2Fv2%2Ftags&post=99511"}],"curies":[{"name":"wp","href":"https:\/\/api.w.org\/{rel}","templated":true}]}}