{"id":99505,"date":"2026-03-12T10:06:44","date_gmt":"2026-03-12T13:06:44","guid":{"rendered":"https:\/\/www.radioamigavallenar.cl\/?p=99505"},"modified":"2026-03-12T12:10:48","modified_gmt":"2026-03-12T15:10:48","slug":"sofia-cid-llego-practicamente-sola-para-asumir-como-delegada-presidencial-en-atacama","status":"publish","type":"post","link":"https:\/\/www.radioamigavallenar.cl\/?p=99505","title":{"rendered":"Sof\u00eda Cid lleg\u00f3 pr\u00e1cticamente sola para asumir como delegada presidencial en Atacama"},"content":{"rendered":"<p>Con la llegada de\u00a0Jos\u00e9 Antonio Kast\u00a0a la presidencia, la Delegaci\u00f3n Presidencial de Atacama inicia un nuevo ciclo bajo el liderazgo de\u00a0Sof\u00eda Cid Versalovic.<\/p>\n<p>La ex diputada y militante republicana sucede en el cargo a\u00a0Rodrigo Illanes\u00a0(Frente Amplio), marcando un hito hist\u00f3rico al convertirse en la primera mujer en asumir esta representaci\u00f3n regional desde su creaci\u00f3n en 2021.<\/p>\n<h2 style=\"text-align: center;\"><strong>Pol\u00e9mica por el nombramiento<\/strong><\/h2>\n<p>Tras la designaci\u00f3n de Cid al cargo de delegada, no estuvo fuera de la pol\u00e9mica. De acuerdo a fuentes del medio, existe un quiebre interno entre miembros del Partido Republicano y la delegada Cid.<\/p>\n<p>El quiebre se dar\u00eda por la intromisi\u00f3n de Cid junto a exmiembros de Renovaci\u00f3n Nacional (RN) y la Uni\u00f3n\u00a0Dem\u00f3crata\u00a0Independiente (UDI) en el partido Republicano, desplazando a antiguos l\u00edderes de este partido pol\u00edtico.<\/p>\n<p>Adem\u00e1s, se suma la designaci\u00f3n de miembros de Chile Vamos y amigos de Cid en cargos de SEREMI y el v\u00ednculo que existir\u00eda con miembros del Partido Socialista (PS), como el gobernador de Atacama.\u00a0Miguel Vargas Correa\u00a0(ex PS).<\/p>\n<p>Seg\u00fan antecedentes recopilados, durante la llegada de Cid al edificio de la delegaci\u00f3n, fue recibida solo por algunos funcionarios p\u00fablicos, sin la presencia de los representantes de Republicanos.<\/p>\n<p>De acuerdo a lo conversado con miembros de esta colectividad, afirmaron que\u00a0\u00abCid no avis\u00f3 a nadie de ir\u00bb.<\/p>\n<p>\u00abSe vio muy feo que Sof\u00eda Cid llegara sola a la delegaci\u00f3n presidencial y, si no fuera cierto lo de las diferencias al interior de Republicano, porque el presidente de Republicano,\u00a0Jos\u00e9 Hueche, no la acompa\u00f1\u00f3. Sin embargo, RN se encarg\u00f3 de darle una buena recibida, esper\u00e1ndola con un ramo de flores, por una militante y trabajadora de la delegaci\u00f3n presidencial que fue puesta en el \u00faltimo gobierno de Sebasti\u00e1n Pi\u00f1era, do\u00f1a\u00a0Eliana Aguirre\u00ab, afirmaron miembros de Republicanos en Atacama.<\/p>\n<p>\u00abAl parecer, la futura delegada ya tiene repartidos los cargos, no respetando a su partido y beneficiando a sus cercanos, que dicho de paso los ha acaparado desde RN y UDI (Jessica G\u00f3mez, ex RN, a quien quiere poner como seremi de Desarrollo Social;\u00a0Hern\u00e1n Hurtado, ex RN, a quien pondr\u00e1 como jefe de gabinete), vi\u00e9ndose muy feo que en los \u00faltimos d\u00edas han buscado adherirse a la militancia republicana para tener ese respaldo, siendo muy mal visto y cuestionado por los propios militantes que llevan tiempo formando el partido en la regi\u00f3n\u00bb, agregaron.<\/p>\n<p>\u00abNos imaginamos que para una\u00a0Dalva Cepeda\u00a0(expresidenta regional del Partido Republicano), como pionera del partido, no debe pasar inadvertido. Sin dejar de mencionar que el \u00fanico CORE republicano (Miguel San Martin) renunci\u00f3 a su militancia por las intromisiones de la actual delegada en el partido\u00bb, afirmaron.<\/p>\n<p>Esta situaci\u00f3n revela lo quebradas que est\u00e1n las relaciones entre miembros del Partido Republicano y la delegada Sof\u00eda Cid. En donde se prev\u00e9 que en los primeros meses de mandato de Cid exista una molestia\u00a0generalizada por la falta de acuerdos, la intromisi\u00f3n de Chile Vamos y sus amigos y, sobre todo, los nexos con miembros de la izquierda en Atacama.<\/p>\n","protected":false},"excerpt":{"rendered":"<p>Con la llegada de\u00a0Jos\u00e9 Antonio Kast\u00a0a la presidencia, la Delegaci\u00f3n Presidencial de Atacama inicia un nuevo ciclo bajo el liderazgo de\u00a0Sof\u00eda Cid Versalovic. La ex&hellip; <\/p>\n","protected":false},"author":7,"featured_media":99532,"comment_status":"closed","ping_status":"closed","sticky":false,"template":"","format":"standard","meta":{"footnotes":""},"categories":[38],"tags":[],"class_list":["post-99505","post","type-post","status-publish","format-standard","has-post-thumbnail","hentry","category-portada-regional"],"_links":{"self":[{"href":"https:\/\/www.radioamigavallenar.cl\/index.php?rest_route=\/wp\/v2\/posts\/99505","targetHints":{"allow":["GET"]}}],"collection":[{"href":"https:\/\/www.radioamigavallenar.cl\/index.php?rest_route=\/wp\/v2\/posts"}],"about":[{"href":"https:\/\/www.radioamigavallenar.cl\/index.php?rest_route=\/wp\/v2\/types\/post"}],"author":[{"embeddable":true,"href":"https:\/\/www.radioamigavallenar.cl\/index.php?rest_route=\/wp\/v2\/users\/7"}],"replies":[{"embeddable":true,"href":"https:\/\/www.radioamigavallenar.cl\/index.php?rest_route=%2Fwp%2Fv2%2Fcomments&post=99505"}],"version-history":[{"count":1,"href":"https:\/\/www.radioamigavallenar.cl\/index.php?rest_route=\/wp\/v2\/posts\/99505\/revisions"}],"predecessor-version":[{"id":99507,"href":"https:\/\/www.radioamigavallenar.cl\/index.php?rest_route=\/wp\/v2\/posts\/99505\/revisions\/99507"}],"wp:featuredmedia":[{"embeddable":true,"href":"https:\/\/www.radioamigavallenar.cl\/index.php?rest_route=\/wp\/v2\/media\/99532"}],"wp:attachment":[{"href":"https:\/\/www.radioamigavallenar.cl\/index.php?rest_route=%2Fwp%2Fv2%2Fmedia&parent=99505"}],"wp:term":[{"taxonomy":"category","embeddable":true,"href":"https:\/\/www.radioamigavallenar.cl\/index.php?rest_route=%2Fwp%2Fv2%2Fcategories&post=99505"},{"taxonomy":"post_tag","embeddable":true,"href":"https:\/\/www.radioamigavallenar.cl\/index.php?rest_route=%2Fwp%2Fv2%2Ftags&post=99505"}],"curies":[{"name":"wp","href":"https:\/\/api.w.org\/{rel}","templated":true}]}}