{"id":99502,"date":"2026-03-12T10:05:17","date_gmt":"2026-03-12T13:05:17","guid":{"rendered":"https:\/\/www.radioamigavallenar.cl\/?p=99502"},"modified":"2026-03-12T10:05:17","modified_gmt":"2026-03-12T13:05:17","slug":"joven-patinadora-de-vallenar-compite-en-clasificatorio-internacional-de-patinaje-artistico-en-santiago","status":"publish","type":"post","link":"https:\/\/www.radioamigavallenar.cl\/?p=99502","title":{"rendered":"Joven patinadora de Vallenar compite en clasificatorio internacional de patinaje art\u00edstico en Santiago"},"content":{"rendered":"<p data-pm-slice=\"1 1 []\">Con gran orgullo para el deporte local, la joven deportista vallenarina Josefa Campos Barraza se encuentra representando a la comuna en el Primer Campeonato Clasificatorio de Patinaje Art\u00edstico, evento que se desarrolla entre el 9 y el 14 de marzo en el Estadio Nacional, en Santiago.<\/p>\n<p>Josefa, quien es patinadora del Club Maiteam y alumna del Liceo Santa Marta de Vallenar, es hasta ahora la \u00fanica deportista de la comuna que participa en esta importante competencia en la categor\u00eda internacional. Su participaci\u00f3n est\u00e1 programada para los d\u00edas jueves y viernes en la modalidad Free Skating Junior, donde buscar\u00e1 obtener un cupo para la Artistic World Cup, que se realizar\u00e1 pr\u00f3ximamente en Buenos Aires, Argentina.<\/p>\n<p>Cabe destacar que la joven deportista ya ha sido seleccionada durante dos a\u00f1os consecutivos (2024 y 2025) para competir en este tipo de eventos internacionales, lo que refleja su talento, disciplina y constante preparaci\u00f3n dentro del patinaje art\u00edstico.<\/p>\n<p>Desde la comunidad deportiva local valoraron el esfuerzo de Josefa, quien contin\u00faa dejando en alto el nombre de Vallenar, demostrando que el trabajo y la dedicaci\u00f3n permiten proyectarse a importantes escenarios del deporte internacional.<\/p>\n","protected":false},"excerpt":{"rendered":"<p>Con gran orgullo para el deporte local, la joven deportista vallenarina Josefa Campos Barraza se encuentra representando a la comuna en el Primer Campeonato Clasificatorio&hellip; <\/p>\n","protected":false},"author":7,"featured_media":99503,"comment_status":"closed","ping_status":"closed","sticky":false,"template":"","format":"standard","meta":{"footnotes":""},"categories":[7],"tags":[],"class_list":["post-99502","post","type-post","status-publish","format-standard","has-post-thumbnail","hentry","category-atacama"],"_links":{"self":[{"href":"https:\/\/www.radioamigavallenar.cl\/index.php?rest_route=\/wp\/v2\/posts\/99502","targetHints":{"allow":["GET"]}}],"collection":[{"href":"https:\/\/www.radioamigavallenar.cl\/index.php?rest_route=\/wp\/v2\/posts"}],"about":[{"href":"https:\/\/www.radioamigavallenar.cl\/index.php?rest_route=\/wp\/v2\/types\/post"}],"author":[{"embeddable":true,"href":"https:\/\/www.radioamigavallenar.cl\/index.php?rest_route=\/wp\/v2\/users\/7"}],"replies":[{"embeddable":true,"href":"https:\/\/www.radioamigavallenar.cl\/index.php?rest_route=%2Fwp%2Fv2%2Fcomments&post=99502"}],"version-history":[{"count":1,"href":"https:\/\/www.radioamigavallenar.cl\/index.php?rest_route=\/wp\/v2\/posts\/99502\/revisions"}],"predecessor-version":[{"id":99504,"href":"https:\/\/www.radioamigavallenar.cl\/index.php?rest_route=\/wp\/v2\/posts\/99502\/revisions\/99504"}],"wp:featuredmedia":[{"embeddable":true,"href":"https:\/\/www.radioamigavallenar.cl\/index.php?rest_route=\/wp\/v2\/media\/99503"}],"wp:attachment":[{"href":"https:\/\/www.radioamigavallenar.cl\/index.php?rest_route=%2Fwp%2Fv2%2Fmedia&parent=99502"}],"wp:term":[{"taxonomy":"category","embeddable":true,"href":"https:\/\/www.radioamigavallenar.cl\/index.php?rest_route=%2Fwp%2Fv2%2Fcategories&post=99502"},{"taxonomy":"post_tag","embeddable":true,"href":"https:\/\/www.radioamigavallenar.cl\/index.php?rest_route=%2Fwp%2Fv2%2Ftags&post=99502"}],"curies":[{"name":"wp","href":"https:\/\/api.w.org\/{rel}","templated":true}]}}