{"id":9950,"date":"2018-05-22T05:59:05","date_gmt":"2018-05-22T08:59:05","guid":{"rendered":"http:\/\/www.radioamigavallenar.cl\/?p=9950"},"modified":"2018-05-21T23:07:59","modified_gmt":"2018-05-22T02:07:59","slug":"gobierno-regional-se-suma-a-buscar-igualdad-de-derechos-y-obligaciones-entre-hombres-y-mujeres","status":"publish","type":"post","link":"https:\/\/www.radioamigavallenar.cl\/?p=9950","title":{"rendered":"Gobierno Regional se suma a buscar igualdad de derechos y obligaciones entre hombres y mujeres"},"content":{"rendered":"<p style=\"text-align: justify;\"><a href=\"http:\/\/www.radioamigavallenar.cl\/wp-content\/uploads\/2018\/05\/igualdad.jpg\"><img loading=\"lazy\" decoding=\"async\" class=\" size-medium wp-image-9951 aligncenter\" src=\"http:\/\/www.radioamigavallenar.cl\/wp-content\/uploads\/2018\/05\/igualdad-300x172.jpg\" alt=\"igualdad\" width=\"300\" height=\"172\" srcset=\"https:\/\/www.radioamigavallenar.cl\/wp-content\/uploads\/2018\/05\/igualdad-300x172.jpg 300w, https:\/\/www.radioamigavallenar.cl\/wp-content\/uploads\/2018\/05\/igualdad.jpg 700w\" sizes=\"auto, (max-width: 300px) 100vw, 300px\" \/><\/a><\/p>\n<p style=\"text-align: justify;\">\u201cLleg\u00f3 el momento de escuchar la voz de las mujeres de nuestro pa\u00eds\u201d. Con estas palabras, la Vocera de Gobierno, Cecilia P\u00e9rez, se refiri\u00f3 a la instrucci\u00f3n dado por el Presidente de la Rep\u00fablica, Sebasti\u00e1n Pi\u00f1era, sobre la elaboraci\u00f3n de un instructivo que asegure la igualdad de derechos y deberes entre hombres y mujeres en el sector p\u00fablico.<\/p>\n<p style=\"text-align: justify;\">La Seremi de Gobierno Sof\u00eda Avalos se\u00f1al\u00f3 que en Atacama el sector p\u00fablico cuenta con un alto n\u00famero de mujeres en cargos dirigenciales; \u201ccomo es el caso de nuestra propia Intendenta, Berta Torres, las Seremis de: Salud, Educaci\u00f3n, Bienes Nacionales, Consejo de la Cultura y las Artes y la Seremi de la Mujer y Equidad de G\u00e9nero; lo cual es un ejemplo a seguir por el sector privado de nuestra Regi\u00f3n, que por el hecho de ser una regi\u00f3n minera vemos que los hombres tienen un mayor protagonismo en materia laboral y est\u00e1 en nuestras manos cambiar este escenario, para que cada vez disminuyan las brechas laborales, y tanto hombres como mujeres podamos desempe\u00f1arnos en un mundo donde reine la igualdad de oportunidades\u201d.<\/p>\n<p style=\"text-align: justify;\">La vocera, agreg\u00f3 que es necesario escuchar la voz de las mujeres que no quieren m\u00e1s acoso sexual ni violencia en su contra; \u201clas mujeres trabajadoras y las j\u00f3venes estudiantes est\u00e1n pidiendo dignidad y reconocimiento, las mujeres chilenas quieren que se ponga fin al acoso laboral, al acoso sexual y a todas las malas pr\u00e1cticas, que por a\u00f1os han hecho que la mujer se encuentre en desventaja frente a los hombres\u201d.<\/p>\n<p style=\"text-align: justify;\">Sof\u00eda Avalos, finalmente se\u00f1al\u00f3 que el Presidente Sebasti\u00e1n Pi\u00f1era, le ha pedido a la Ministra de la Mujer y Equidad de G\u00e9nero, Isabel Pl\u00e1, que trabaj\u00e9 en un instructivo para el sector p\u00fablico donde se manifieste la igualdad de derechos y obligaciones entre hombres y mujeres y se releve la dignidad de la mujer trabajadora en el sector p\u00fablico; \u201ccomo Gobierno, esperamos con este instructivo dar una se\u00f1al concreta para emparejar la cancha, trabajando junto al sector privado en esta materia para que las mujeres de Atacama y de Chile ocupen el lugar que se merecen\u201d.<\/p>\n","protected":false},"excerpt":{"rendered":"<p>\u201cLleg\u00f3 el momento de escuchar la voz de las mujeres de nuestro pa\u00eds\u201d. Con estas palabras, la Vocera de Gobierno, Cecilia P\u00e9rez, se refiri\u00f3 a&hellip; <\/p>\n","protected":false},"author":2,"featured_media":9951,"comment_status":"open","ping_status":"closed","sticky":false,"template":"","format":"standard","meta":{"footnotes":""},"categories":[7],"tags":[],"class_list":["post-9950","post","type-post","status-publish","format-standard","has-post-thumbnail","hentry","category-atacama"],"_links":{"self":[{"href":"https:\/\/www.radioamigavallenar.cl\/index.php?rest_route=\/wp\/v2\/posts\/9950","targetHints":{"allow":["GET"]}}],"collection":[{"href":"https:\/\/www.radioamigavallenar.cl\/index.php?rest_route=\/wp\/v2\/posts"}],"about":[{"href":"https:\/\/www.radioamigavallenar.cl\/index.php?rest_route=\/wp\/v2\/types\/post"}],"author":[{"embeddable":true,"href":"https:\/\/www.radioamigavallenar.cl\/index.php?rest_route=\/wp\/v2\/users\/2"}],"replies":[{"embeddable":true,"href":"https:\/\/www.radioamigavallenar.cl\/index.php?rest_route=%2Fwp%2Fv2%2Fcomments&post=9950"}],"version-history":[{"count":0,"href":"https:\/\/www.radioamigavallenar.cl\/index.php?rest_route=\/wp\/v2\/posts\/9950\/revisions"}],"wp:featuredmedia":[{"embeddable":true,"href":"https:\/\/www.radioamigavallenar.cl\/index.php?rest_route=\/wp\/v2\/media\/9951"}],"wp:attachment":[{"href":"https:\/\/www.radioamigavallenar.cl\/index.php?rest_route=%2Fwp%2Fv2%2Fmedia&parent=9950"}],"wp:term":[{"taxonomy":"category","embeddable":true,"href":"https:\/\/www.radioamigavallenar.cl\/index.php?rest_route=%2Fwp%2Fv2%2Fcategories&post=9950"},{"taxonomy":"post_tag","embeddable":true,"href":"https:\/\/www.radioamigavallenar.cl\/index.php?rest_route=%2Fwp%2Fv2%2Ftags&post=9950"}],"curies":[{"name":"wp","href":"https:\/\/api.w.org\/{rel}","templated":true}]}}