{"id":99499,"date":"2026-03-12T10:04:12","date_gmt":"2026-03-12T13:04:12","guid":{"rendered":"https:\/\/www.radioamigavallenar.cl\/?p=99499"},"modified":"2026-03-12T10:04:12","modified_gmt":"2026-03-12T13:04:12","slug":"vecinos-de-freirina-denuncian-intervencion-en-sistema-electrico-de-plaza-en-villa-mireya-perez","status":"publish","type":"post","link":"https:\/\/www.radioamigavallenar.cl\/?p=99499","title":{"rendered":"Vecinos de Freirina denuncian intervenci\u00f3n en sistema el\u00e9ctrico de plaza en Villa Mireya P\u00e9rez"},"content":{"rendered":"<p data-pm-slice=\"1 1 []\">Preocupaci\u00f3n existe entre residentes del sector Villa Mireya P\u00e9rez, en la comuna de Freirina, luego de que se detectara la intervenci\u00f3n del sistema el\u00e9ctrico que alimenta la iluminaci\u00f3n de la plaza del sector, situaci\u00f3n que dej\u00f3 temporalmente a oscuras este espacio de esparcimiento comunitario.<\/p>\n<p>Seg\u00fan inform\u00f3 la Junta de Vecinos Santa Rosa, el hecho habr\u00eda quedado al descubierto tras detectar cables cortados que abastec\u00edan de energ\u00eda al lugar, situaci\u00f3n que fue registrada mediante fotograf\u00edas por vecinos del sector. Desde la organizaci\u00f3n comunitaria hicieron un llamado a la comunidad a denunciar este tipo de situaciones, se\u00f1alando que estas acciones afectan directamente la seguridad y el uso normal de los espacios p\u00fablicos.<\/p>\n<p>De acuerdo con lo se\u00f1alado por la directiva vecinal, los antecedentes fueron puestos en conocimiento de la Municipalidad de Freirina, tras lo cual se realizaron las gestiones correspondientes para reponer el servicio el\u00e9ctrico, quedando la iluminaci\u00f3n del lugar nuevamente operativa.<\/p>\n<p>Desde la junta de vecinos reiteraron el llamado a la comunidad a cuidar los espacios comunes y a informar oportunamente cualquier situaci\u00f3n que pueda afectar el bienestar y la seguridad del sector.<\/p>\n","protected":false},"excerpt":{"rendered":"<p>Preocupaci\u00f3n existe entre residentes del sector Villa Mireya P\u00e9rez, en la comuna de Freirina, luego de que se detectara la intervenci\u00f3n del sistema el\u00e9ctrico que&hellip; <\/p>\n","protected":false},"author":7,"featured_media":99500,"comment_status":"closed","ping_status":"closed","sticky":false,"template":"","format":"standard","meta":{"footnotes":""},"categories":[7],"tags":[],"class_list":["post-99499","post","type-post","status-publish","format-standard","has-post-thumbnail","hentry","category-atacama"],"_links":{"self":[{"href":"https:\/\/www.radioamigavallenar.cl\/index.php?rest_route=\/wp\/v2\/posts\/99499","targetHints":{"allow":["GET"]}}],"collection":[{"href":"https:\/\/www.radioamigavallenar.cl\/index.php?rest_route=\/wp\/v2\/posts"}],"about":[{"href":"https:\/\/www.radioamigavallenar.cl\/index.php?rest_route=\/wp\/v2\/types\/post"}],"author":[{"embeddable":true,"href":"https:\/\/www.radioamigavallenar.cl\/index.php?rest_route=\/wp\/v2\/users\/7"}],"replies":[{"embeddable":true,"href":"https:\/\/www.radioamigavallenar.cl\/index.php?rest_route=%2Fwp%2Fv2%2Fcomments&post=99499"}],"version-history":[{"count":1,"href":"https:\/\/www.radioamigavallenar.cl\/index.php?rest_route=\/wp\/v2\/posts\/99499\/revisions"}],"predecessor-version":[{"id":99501,"href":"https:\/\/www.radioamigavallenar.cl\/index.php?rest_route=\/wp\/v2\/posts\/99499\/revisions\/99501"}],"wp:featuredmedia":[{"embeddable":true,"href":"https:\/\/www.radioamigavallenar.cl\/index.php?rest_route=\/wp\/v2\/media\/99500"}],"wp:attachment":[{"href":"https:\/\/www.radioamigavallenar.cl\/index.php?rest_route=%2Fwp%2Fv2%2Fmedia&parent=99499"}],"wp:term":[{"taxonomy":"category","embeddable":true,"href":"https:\/\/www.radioamigavallenar.cl\/index.php?rest_route=%2Fwp%2Fv2%2Fcategories&post=99499"},{"taxonomy":"post_tag","embeddable":true,"href":"https:\/\/www.radioamigavallenar.cl\/index.php?rest_route=%2Fwp%2Fv2%2Ftags&post=99499"}],"curies":[{"name":"wp","href":"https:\/\/api.w.org\/{rel}","templated":true}]}}