{"id":99496,"date":"2026-03-12T10:01:25","date_gmt":"2026-03-12T13:01:25","guid":{"rendered":"https:\/\/www.radioamigavallenar.cl\/?p=99496"},"modified":"2026-03-12T10:01:25","modified_gmt":"2026-03-12T13:01:25","slug":"176-personas-emprendedoras-de-atacama-avanzan-hacia-la-formalizacion-con-foco-en-resolucion-sanitaria","status":"publish","type":"post","link":"https:\/\/www.radioamigavallenar.cl\/?p=99496","title":{"rendered":"176 personas emprendedoras de Atacama avanzan hacia la formalizaci\u00f3n con foco en resoluci\u00f3n sanitaria"},"content":{"rendered":"<p>Un total de 176 emprendedoras y emprendedores de la Regi\u00f3n de Atacama dieron un paso clave para consolidar sus negocios tras certificarse en el Programa Emprendamos B\u00e1sico Formalizaci\u00f3n 2025, iniciativa impulsada por el Fondo de Solidaridad e Inversi\u00f3n Social (FOSIS) y financiada por el Gobierno Regional, que este a\u00f1o puso especial \u00e9nfasis en el rubro de la alimentaci\u00f3n y el acceso a la resoluci\u00f3n sanitaria.<\/p>\n<p>El programa se desarroll\u00f3 mediante un trabajo intersectorial que involucr\u00f3 al Gobierno Regional, la Seremi de Salud, municipios y las propias personas emprendedoras, con el objetivo de apoyar la formalizaci\u00f3n de negocios a trav\u00e9s de capacitaciones, asistencia t\u00e9cnica y financiamiento.<\/p>\n<p>Durante esta versi\u00f3n, los recursos fueron destinados principalmente a mejorar infraestructura, adecuar espacios productivos y adquirir equipamiento, elementos fundamentales para cumplir con las exigencias sanitarias que permiten operar formalmente, especialmente en actividades relacionadas con la producci\u00f3n y venta de alimentos.<\/p>\n<div class=\"code-block code-block-8\">\n<div id=\"300x250-A\"><\/div>\n<\/div>\n<p>Las ceremonias de certificaci\u00f3n se realizaron los d\u00edas 23 y 24 de febrero en las comunas de Caldera, Vallenar y Copiap\u00f3, donde las y los participantes recibieron sus certificados en compa\u00f1\u00eda de autoridades regionales y locales.<\/p>\n<p>Entre quienes participaron de las actividades estuvieron el delegado presidencial provincial de Cha\u00f1aral, Jorge Fern\u00e1ndez Herrera; el alcalde de Cha\u00f1aral, Alex Ahumada Monroy; la alcaldesa de Caldera, Brunilda Gonz\u00e1lez \u00c1njel; y Gonzalo Sanhueza T\u00e9llez, jefe de la Divisi\u00f3n de Fomento e Industria del Gobierno Regional de Atacama.<\/p>\n<div class=\"code-block code-block-9\">\n<div id=\"Inread\"><\/div>\n<\/div>\n<p>Durante las ceremonias, las autoridades destacaron el impacto del programa en el fortalecimiento del emprendimiento regional y en la generaci\u00f3n de mayores oportunidades econ\u00f3micas para las familias atacame\u00f1as.<\/p>\n<div class=\"code-block code-block-3\"><\/div>\n<p>Gonzalo Sanhueza se\u00f1al\u00f3 que la iniciativa permite avanzar de manera concreta en el proceso de formalizaci\u00f3n de los negocios locales. \u201cMuchas iniciativas nacen como ideas que comienzan a desarrollarse, pero que a\u00fan no cuentan con los requisitos necesarios para constituirse formalmente. Este programa permite dar esos primeros pasos, tanto desde el punto de vista tributario como sanitario, lo que representa un avance significativo para el desarrollo de los emprendimientos\u201d, afirm\u00f3.<\/p>\n<p>En la misma l\u00ednea, el delegado presidencial provincial de Cha\u00f1aral, Jorge Fern\u00e1ndez Herrera, valor\u00f3 el impacto de esta pol\u00edtica p\u00fablica en el territorio. \u201cEste programa de formalizaci\u00f3n del FOSIS es una herramienta muy importante para apoyar a emprendedoras y emprendedores de comunas como Diego de Almagro, Cha\u00f1aral y Caldera. Permite acompa\u00f1ar negocios que ya est\u00e1n en marcha y entregar herramientas para formalizarse, crecer y mejorar sus ingresos\u201d, sostuvo.<\/p>\n<p>Por su parte, el alcalde de Cha\u00f1aral, Alex Ahumada, destac\u00f3 la relevancia de estas iniciativas para dinamizar la econom\u00eda local. \u201cEstos programas son muy importantes para nuestros emprendedores, porque les permiten avanzar en la formalizaci\u00f3n de sus negocios y proyectar su crecimiento\u201d, indic\u00f3.<\/p>\n<p>Entre las historias destacadas del programa se encuentra la de Charlotte Pino V\u00e9liz, emprendedora de Vallenar, quien logr\u00f3 diversificar su oferta gracias al apoyo recibido. \u201cGracias al FOSIS y el Gobierno Regional pude implementar una nueva l\u00ednea de productos para personas con alergias alimentarias y opciones veganas. Con este proyecto adquir\u00ed equipamiento exclusivo para elaborar y almacenar estos productos de manera adecuada\u201d, relat\u00f3.<\/p>\n<p>El cierre del Programa Emprendamos B\u00e1sico Formalizaci\u00f3n 2025 forma parte de la estrategia regional de fortalecimiento del emprendimiento, orientada a impulsar el desarrollo productivo, la formalizaci\u00f3n y el crecimiento de los negocios en las distintas comunas de Atacama.<\/p>\n","protected":false},"excerpt":{"rendered":"<p>Un total de 176 emprendedoras y emprendedores de la Regi\u00f3n de Atacama dieron un paso clave para consolidar sus negocios tras certificarse en el Programa&hellip; <\/p>\n","protected":false},"author":7,"featured_media":99497,"comment_status":"closed","ping_status":"closed","sticky":false,"template":"","format":"standard","meta":{"footnotes":""},"categories":[7],"tags":[],"class_list":["post-99496","post","type-post","status-publish","format-standard","has-post-thumbnail","hentry","category-atacama"],"_links":{"self":[{"href":"https:\/\/www.radioamigavallenar.cl\/index.php?rest_route=\/wp\/v2\/posts\/99496","targetHints":{"allow":["GET"]}}],"collection":[{"href":"https:\/\/www.radioamigavallenar.cl\/index.php?rest_route=\/wp\/v2\/posts"}],"about":[{"href":"https:\/\/www.radioamigavallenar.cl\/index.php?rest_route=\/wp\/v2\/types\/post"}],"author":[{"embeddable":true,"href":"https:\/\/www.radioamigavallenar.cl\/index.php?rest_route=\/wp\/v2\/users\/7"}],"replies":[{"embeddable":true,"href":"https:\/\/www.radioamigavallenar.cl\/index.php?rest_route=%2Fwp%2Fv2%2Fcomments&post=99496"}],"version-history":[{"count":1,"href":"https:\/\/www.radioamigavallenar.cl\/index.php?rest_route=\/wp\/v2\/posts\/99496\/revisions"}],"predecessor-version":[{"id":99498,"href":"https:\/\/www.radioamigavallenar.cl\/index.php?rest_route=\/wp\/v2\/posts\/99496\/revisions\/99498"}],"wp:featuredmedia":[{"embeddable":true,"href":"https:\/\/www.radioamigavallenar.cl\/index.php?rest_route=\/wp\/v2\/media\/99497"}],"wp:attachment":[{"href":"https:\/\/www.radioamigavallenar.cl\/index.php?rest_route=%2Fwp%2Fv2%2Fmedia&parent=99496"}],"wp:term":[{"taxonomy":"category","embeddable":true,"href":"https:\/\/www.radioamigavallenar.cl\/index.php?rest_route=%2Fwp%2Fv2%2Fcategories&post=99496"},{"taxonomy":"post_tag","embeddable":true,"href":"https:\/\/www.radioamigavallenar.cl\/index.php?rest_route=%2Fwp%2Fv2%2Ftags&post=99496"}],"curies":[{"name":"wp","href":"https:\/\/api.w.org\/{rel}","templated":true}]}}