{"id":99492,"date":"2026-03-12T00:00:13","date_gmt":"2026-03-12T03:00:13","guid":{"rendered":"https:\/\/www.radioamigavallenar.cl\/?p=99492"},"modified":"2026-03-12T10:07:56","modified_gmt":"2026-03-12T13:07:56","slug":"diputado-cristian-tapia-y-juramento-como-diputado-a-seguir-trabajando-por-la-region-de-atacama","status":"publish","type":"post","link":"https:\/\/www.radioamigavallenar.cl\/?p=99492","title":{"rendered":"Diputado Cristian Tapia y juramento como diputado: \u201cA seguir trabajando por la regi\u00f3n de Atacama\u201d"},"content":{"rendered":"<p>En el Congreso Nacional en Valpara\u00edso, se llev\u00f3 a cabo el juramento de los nuevos diputados y diputadas de la rep\u00fablica para la legislatura 2026\/2030.<\/p>\n<p>En ese sentido, el parlamentario independiente por Atacama, Cristian Tapia Ramos, ejerci\u00f3 su juramento para dar inicio a su segundo periodo legislativo: \u201cHoy hemos jurado para este segundo periodo de representar a mi querida regi\u00f3n de Atacama en el Parlamento\u201d, dijo Tapia.<\/p>\n<p>El legislador independiente agreg\u00f3 que \u201clo hago con mucha convicci\u00f3n y responsabilidad, siempre pensando en mi regi\u00f3n, en mi pa\u00eds, y fundamentalmente en la clase trabajadora y sus familias\u201d, recalc\u00f3.<\/p>\n<p>Tapia cerr\u00f3 diciendo: \u201cA seguir trabajando por la regi\u00f3n, \u00a1porque siempre estaremos presente!\u201d, dijo el diputado.<\/p>\n","protected":false},"excerpt":{"rendered":"<p>En el Congreso Nacional en Valpara\u00edso, se llev\u00f3 a cabo el juramento de los nuevos diputados y diputadas de la rep\u00fablica para la legislatura 2026\/2030.&hellip; <\/p>\n","protected":false},"author":7,"featured_media":99493,"comment_status":"closed","ping_status":"closed","sticky":false,"template":"","format":"standard","meta":{"footnotes":""},"categories":[7],"tags":[],"class_list":["post-99492","post","type-post","status-publish","format-standard","has-post-thumbnail","hentry","category-atacama"],"_links":{"self":[{"href":"https:\/\/www.radioamigavallenar.cl\/index.php?rest_route=\/wp\/v2\/posts\/99492","targetHints":{"allow":["GET"]}}],"collection":[{"href":"https:\/\/www.radioamigavallenar.cl\/index.php?rest_route=\/wp\/v2\/posts"}],"about":[{"href":"https:\/\/www.radioamigavallenar.cl\/index.php?rest_route=\/wp\/v2\/types\/post"}],"author":[{"embeddable":true,"href":"https:\/\/www.radioamigavallenar.cl\/index.php?rest_route=\/wp\/v2\/users\/7"}],"replies":[{"embeddable":true,"href":"https:\/\/www.radioamigavallenar.cl\/index.php?rest_route=%2Fwp%2Fv2%2Fcomments&post=99492"}],"version-history":[{"count":1,"href":"https:\/\/www.radioamigavallenar.cl\/index.php?rest_route=\/wp\/v2\/posts\/99492\/revisions"}],"predecessor-version":[{"id":99494,"href":"https:\/\/www.radioamigavallenar.cl\/index.php?rest_route=\/wp\/v2\/posts\/99492\/revisions\/99494"}],"wp:featuredmedia":[{"embeddable":true,"href":"https:\/\/www.radioamigavallenar.cl\/index.php?rest_route=\/wp\/v2\/media\/99493"}],"wp:attachment":[{"href":"https:\/\/www.radioamigavallenar.cl\/index.php?rest_route=%2Fwp%2Fv2%2Fmedia&parent=99492"}],"wp:term":[{"taxonomy":"category","embeddable":true,"href":"https:\/\/www.radioamigavallenar.cl\/index.php?rest_route=%2Fwp%2Fv2%2Fcategories&post=99492"},{"taxonomy":"post_tag","embeddable":true,"href":"https:\/\/www.radioamigavallenar.cl\/index.php?rest_route=%2Fwp%2Fv2%2Ftags&post=99492"}],"curies":[{"name":"wp","href":"https:\/\/api.w.org\/{rel}","templated":true}]}}