{"id":99490,"date":"2026-03-12T00:00:44","date_gmt":"2026-03-12T03:00:44","guid":{"rendered":"https:\/\/www.radioamigavallenar.cl\/?p=99490"},"modified":"2026-03-11T23:10:11","modified_gmt":"2026-03-12T02:10:11","slug":"copiapo-para-abril-quedo-agendado-juicio-por-obstruccion-a-la-investigacion-en-caso-de-tanya-aciares","status":"publish","type":"post","link":"https:\/\/www.radioamigavallenar.cl\/?p=99490","title":{"rendered":"Copiap\u00f3: Para abril qued\u00f3 agendado juicio por obstrucci\u00f3n a la investigaci\u00f3n en caso de Tanya Aciares"},"content":{"rendered":"<p><strong>Dos imputadas declararon haber visto a la menor de edad con vida y haber tenido contacto visual con ella, versiones que generaron la realizaci\u00f3n de diversas diligencias investigativas. <\/strong><strong>\u00a0\u00a0<\/strong><strong><em>\u00a0<\/em><\/strong><\/p>\n<p>El Juzgado de Garant\u00eda de Copiap\u00f3 fij\u00f3 para el pr\u00f3ximo <strong>22 de abril<\/strong> la realizaci\u00f3n de la audiencia de <strong>Juicio Oral Simplificado<\/strong> en la causa que investiga la Fiscal\u00eda de Atacama por el delito de <strong>obstrucci\u00f3n a la investigaci\u00f3n en el caso de la v\u00edctima Tanya Aciares Pereira<\/strong>.<\/p>\n<p>Durante la jornada de este mi\u00e9rcoles se debati\u00f3 en el mencionado Tribunal la solicitud presentada por la parte querellante para participar como interviniente en esta arista del caso. En dicha audiencia, la Fiscal\u00eda se\u00f1al\u00f3 que dejaba la decisi\u00f3n a criterio del juez de turno, estimando que la petici\u00f3n resultaba absolutamente pertinente, lo que finalmente fue acogido.<\/p>\n<p>A partir de esta resoluci\u00f3n y considerando el an\u00e1lisis de antecedentes que deber\u00e1 realizar la abogada querellante, a quien se le entregar\u00e1 carpeta de la investigaci\u00f3n, se determin\u00f3 <strong>postergar la audiencia que estaba fijada inicialmente para esta jornada<\/strong>, estableci\u00e9ndose como nueva fecha el pr\u00f3ximo <strong>22 de abril<\/strong>. En la instancia quedaron adem\u00e1s <strong>notificados los testigos<\/strong>, quienes corresponden principalmente a funcionarios de ambas polic\u00edas.<\/p>\n<h3 style=\"text-align: center;\">LOS HECHOS<\/h3>\n<p>Respecto de los antecedentes que dieron origen a esta causa, el Fiscal <strong>Ariel Guzm\u00e1n<\/strong> explic\u00f3 que el il\u00edcito de obstrucci\u00f3n a la investigaci\u00f3n surgi\u00f3 a partir de <strong>declaraciones realizadas por dos imputadas durante la etapa indagatoria de la desaparici\u00f3n de la v\u00edctima<\/strong>.<\/p>\n<p>\u201cAmbas imputadas se\u00f1alaron en declaraciones formales realizadas ante la PDI haber mantenido comunicaci\u00f3n con la menor de edad. Dicha informaci\u00f3n posteriormente se estableci\u00f3 que era falsa, previo a ello motivaron la realizaci\u00f3n de diversas diligencias investigativas por parte de la PDI y la Fiscal\u00eda de Atacama, las que se ejecutaron en base a esos antecedentes\u201d, indic\u00f3 el fiscal.<\/p>\n<p>Guzm\u00e1n agreg\u00f3 que, una vez corroborada la falsedad de dichas declaraciones, el Ministerio P\u00fablico <strong>abri\u00f3 una causa penal independiente por el delito de obstrucci\u00f3n a la investigaci\u00f3n debido a la afectaci\u00f3n investigativa que \u00e9stos hechos ocasionaron<\/strong>.<\/p>\n","protected":false},"excerpt":{"rendered":"<p>Dos imputadas declararon haber visto a la menor de edad con vida y haber tenido contacto visual con ella, versiones que generaron la realizaci\u00f3n de&hellip; <\/p>\n","protected":false},"author":7,"featured_media":98900,"comment_status":"closed","ping_status":"closed","sticky":false,"template":"","format":"standard","meta":{"footnotes":""},"categories":[38],"tags":[],"class_list":["post-99490","post","type-post","status-publish","format-standard","has-post-thumbnail","hentry","category-portada-regional"],"_links":{"self":[{"href":"https:\/\/www.radioamigavallenar.cl\/index.php?rest_route=\/wp\/v2\/posts\/99490","targetHints":{"allow":["GET"]}}],"collection":[{"href":"https:\/\/www.radioamigavallenar.cl\/index.php?rest_route=\/wp\/v2\/posts"}],"about":[{"href":"https:\/\/www.radioamigavallenar.cl\/index.php?rest_route=\/wp\/v2\/types\/post"}],"author":[{"embeddable":true,"href":"https:\/\/www.radioamigavallenar.cl\/index.php?rest_route=\/wp\/v2\/users\/7"}],"replies":[{"embeddable":true,"href":"https:\/\/www.radioamigavallenar.cl\/index.php?rest_route=%2Fwp%2Fv2%2Fcomments&post=99490"}],"version-history":[{"count":1,"href":"https:\/\/www.radioamigavallenar.cl\/index.php?rest_route=\/wp\/v2\/posts\/99490\/revisions"}],"predecessor-version":[{"id":99491,"href":"https:\/\/www.radioamigavallenar.cl\/index.php?rest_route=\/wp\/v2\/posts\/99490\/revisions\/99491"}],"wp:featuredmedia":[{"embeddable":true,"href":"https:\/\/www.radioamigavallenar.cl\/index.php?rest_route=\/wp\/v2\/media\/98900"}],"wp:attachment":[{"href":"https:\/\/www.radioamigavallenar.cl\/index.php?rest_route=%2Fwp%2Fv2%2Fmedia&parent=99490"}],"wp:term":[{"taxonomy":"category","embeddable":true,"href":"https:\/\/www.radioamigavallenar.cl\/index.php?rest_route=%2Fwp%2Fv2%2Fcategories&post=99490"},{"taxonomy":"post_tag","embeddable":true,"href":"https:\/\/www.radioamigavallenar.cl\/index.php?rest_route=%2Fwp%2Fv2%2Ftags&post=99490"}],"curies":[{"name":"wp","href":"https:\/\/api.w.org\/{rel}","templated":true}]}}