{"id":99487,"date":"2026-03-12T00:00:47","date_gmt":"2026-03-12T03:00:47","guid":{"rendered":"https:\/\/www.radioamigavallenar.cl\/?p=99487"},"modified":"2026-03-11T23:08:42","modified_gmt":"2026-03-12T02:08:42","slug":"detienen-a-dos-sujetos-con-mas-de-un-kilo-de-marihuana-tras-persecucion-policial-en-copiapo","status":"publish","type":"post","link":"https:\/\/www.radioamigavallenar.cl\/?p=99487","title":{"rendered":"Detienen a dos sujetos con m\u00e1s de un kilo de marihuana tras persecuci\u00f3n policial en Copiap\u00f3"},"content":{"rendered":"<p>Dos sujetos de 18 a\u00f1os fueron detenidos por personal de la Secci\u00f3n de Investigaci\u00f3n Policial (SIP) de Carabineros durante patrullajes preventivos realizados en conjunto con funcionarios de la 2\u00aa Comisar\u00eda de Copiap\u00f3, en el sector de la poblaci\u00f3n El Palomar.<\/p>\n<p>Los imputados,\u00a0 se desplazaban en un veh\u00edculo\u00a0<strong>Mercedes Benz color blanco<\/strong>, por zonas que habitualmente son utilizadas por individuos para la venta, consumo y porte de drogas.<\/p>\n<p>El procedimiento ocurri\u00f3 cerca de las\u00a0<strong>19:15 horas<\/strong>, cuando personal de la SIP realizaba servicios preventivos en la intersecci\u00f3n de\u00a0<strong>calle Salitrera Rosario con Salitrera Santa Luisa<\/strong>. En ese momento, los funcionarios intentaron fiscalizar el veh\u00edculo, cuyo conductor emprendi\u00f3 la huida tras escuchar la se\u00f1al sonora del autom\u00f3vil policial.<\/p>\n<div class=\"code-block code-block-5\">\n<div id=\"sas_99435\"><\/div>\n<\/div>\n<p>La persecuci\u00f3n concluy\u00f3 en\u00a0<strong>pasaje Salitrera La Granja,\u00a0<\/strong>donde los ocupantes fueron interceptados por los efectivos policiales.<\/p>\n<p>Durante la fiscalizaci\u00f3n, los funcionarios se identificaron como Carabineros, procedieron a realizar el control de identidad al conductor\u00a0<strong>G.A.C.M., de 18 a\u00f1os<\/strong>, y al copiloto\u00a0<strong>D.I.S.S., tambi\u00e9n de 18 a\u00f1os<\/strong>.<\/p>\n<p>Al interior del veh\u00edculo, se encontraron\u00a0<strong>una gran cantidad de marihuana junto a diversos elementos com\u00fanmente utilizados para la comercializaci\u00f3n de droga<\/strong>, motivo por el cual ambos individuos fueron detenidos en el lugar.<\/p>\n<p>En el procedimiento se incaut\u00f3\u00a0<strong>un kilo y medio de marihuana<\/strong>, quedando los imputados a disposici\u00f3n de la justicia para el respectivo control de detenci\u00f3n.<\/p>\n","protected":false},"excerpt":{"rendered":"<p>Dos sujetos de 18 a\u00f1os fueron detenidos por personal de la Secci\u00f3n de Investigaci\u00f3n Policial (SIP) de Carabineros durante patrullajes preventivos realizados en conjunto con&hellip; <\/p>\n","protected":false},"author":7,"featured_media":99488,"comment_status":"closed","ping_status":"closed","sticky":false,"template":"","format":"standard","meta":{"footnotes":""},"categories":[38],"tags":[],"class_list":["post-99487","post","type-post","status-publish","format-standard","has-post-thumbnail","hentry","category-portada-regional"],"_links":{"self":[{"href":"https:\/\/www.radioamigavallenar.cl\/index.php?rest_route=\/wp\/v2\/posts\/99487","targetHints":{"allow":["GET"]}}],"collection":[{"href":"https:\/\/www.radioamigavallenar.cl\/index.php?rest_route=\/wp\/v2\/posts"}],"about":[{"href":"https:\/\/www.radioamigavallenar.cl\/index.php?rest_route=\/wp\/v2\/types\/post"}],"author":[{"embeddable":true,"href":"https:\/\/www.radioamigavallenar.cl\/index.php?rest_route=\/wp\/v2\/users\/7"}],"replies":[{"embeddable":true,"href":"https:\/\/www.radioamigavallenar.cl\/index.php?rest_route=%2Fwp%2Fv2%2Fcomments&post=99487"}],"version-history":[{"count":1,"href":"https:\/\/www.radioamigavallenar.cl\/index.php?rest_route=\/wp\/v2\/posts\/99487\/revisions"}],"predecessor-version":[{"id":99489,"href":"https:\/\/www.radioamigavallenar.cl\/index.php?rest_route=\/wp\/v2\/posts\/99487\/revisions\/99489"}],"wp:featuredmedia":[{"embeddable":true,"href":"https:\/\/www.radioamigavallenar.cl\/index.php?rest_route=\/wp\/v2\/media\/99488"}],"wp:attachment":[{"href":"https:\/\/www.radioamigavallenar.cl\/index.php?rest_route=%2Fwp%2Fv2%2Fmedia&parent=99487"}],"wp:term":[{"taxonomy":"category","embeddable":true,"href":"https:\/\/www.radioamigavallenar.cl\/index.php?rest_route=%2Fwp%2Fv2%2Fcategories&post=99487"},{"taxonomy":"post_tag","embeddable":true,"href":"https:\/\/www.radioamigavallenar.cl\/index.php?rest_route=%2Fwp%2Fv2%2Ftags&post=99487"}],"curies":[{"name":"wp","href":"https:\/\/api.w.org\/{rel}","templated":true}]}}