{"id":99483,"date":"2026-03-12T00:00:55","date_gmt":"2026-03-12T03:00:55","guid":{"rendered":"https:\/\/www.radioamigavallenar.cl\/?p=99483"},"modified":"2026-03-11T23:07:41","modified_gmt":"2026-03-12T02:07:41","slug":"gobierno-regional-destina-cerca-de-50-mil-millones-para-avanzar-en-soluciones-habitacionales-en-atacama","status":"publish","type":"post","link":"https:\/\/www.radioamigavallenar.cl\/?p=99483","title":{"rendered":"Gobierno Regional destina cerca de $50 mil millones para avanzar en soluciones habitacionales en Atacama"},"content":{"rendered":"<p align=\"justify\">En una significativa ceremonia cargada de emoci\u00f3n y esperanza, autoridades regionales y locales encabezaron la inauguraci\u00f3n del Conjunto Habitacional \u201cEluney\u201d, instancia en la que se realiz\u00f3 la entrega de llaves a las 160 familias beneficiarias, quienes comienzan una nueva etapa con la seguridad de contar con su vivienda definitiva.<\/p>\n<div class=\"code-block code-block-3\">\n<div id=\"sas_99069\"><\/div>\n<\/div>\n<p align=\"justify\">Dicho conjunto habitacional contempla 158 viviendas tipo de 55,53 m\u00b2 y 2 viviendas adaptadas para personas con movilidad reducida de 63,27 m\u00b2, construidas mediante el sistema constructivo Baumax, basado en muros y losas prefabricadas, lo que permite altos est\u00e1ndares de calidad y eficiencia en la ejecuci\u00f3n.<\/p>\n<p align=\"justify\">El proyecto forma parte del Plan de Emergencia Habitacional, iniciativa que busca acelerar la construcci\u00f3n de viviendas y reducir el d\u00e9ficit habitacional en el pa\u00eds. La iniciativa fue posible gracias al trabajo conjunto entre el Minvu Atacama y el Gobierno Regional de Atacama, instituci\u00f3n que ha sido un actor clave en el financiamiento de soluciones habitacionales en la regi\u00f3n.<\/p>\n<p align=\"justify\">El Gobernador Regional de Atacama, Miguel Vargas Correa, destac\u00f3 la relevancia de este nuevo avance para las familias de la regi\u00f3n: \u201cSon 160 nuevas familias que reciben las llaves de su departamento aqu\u00ed en Copiap\u00f3. Este proyecto es fruto de muchos a\u00f1os de trabajo, de esfuerzo y del liderazgo de sus dirigentas, especialmente de la presidenta del comit\u00e9. Tambi\u00e9n es importante reconocer el trabajo del Ministerio de Vivienda y Urbanismo en la regi\u00f3n, de los equipos de la Seremi y del Serviu\u201d, se\u00f1al\u00f3 la autoridad.<\/p>\n<div class=\"code-block code-block-5\">\n<div id=\"sas_99435\"><\/div>\n<\/div>\n<p align=\"justify\">Asimismo, el Gobernador destac\u00f3 el compromiso del Gobierno Regional con el Plan de Emergencia Habitacional, se\u00f1alando que \u201cen estos \u00faltimos cuatro a\u00f1os los aportes desde el presupuesto regional alcanzan pr\u00e1cticamente los 50 mil millones de pesos para apoyar distintos proyectos habitacionales en las comunas de Atacama. Son recursos que complementan los subsidios y tambi\u00e9n aportan para la compra de suelo, algo fundamental considerando que cada vez hay menos terrenos fiscales disponibles para seguir construyendo viviendas\u201d.<\/p>\n<p align=\"justify\">Por su parte, la ex Seremi de Vivienda y Urbanismo de Atacama, Roc\u00edo D\u00edaz, valor\u00f3 el rol que ha cumplido el Gobierno Regional para fortalecer esta pol\u00edtica p\u00fablica y acelerar la construcci\u00f3n de soluciones habitacionales. \u201cEl Gobierno Regional ha sido clave en esta tarea tit\u00e1nica que ha sido el Plan de Emergencia Habitacional. Gracias al aporte que realiza para suplementar nuestros subsidios, hemos podido acelerar la producci\u00f3n de viviendas, mejorar su calidad y reducir los tiempos de ejecuci\u00f3n\u201d, indic\u00f3.<\/p>\n<p align=\"justify\">La autoridad agreg\u00f3 que \u201cel Gobierno Regional, ha permitido mejorar los est\u00e1ndares de los proyectos. Este conjunto habitacional es un ejemplo: cuenta con un est\u00e1ndar muy alto, construido en hormig\u00f3n armado industrializado y con tiempos de ejecuci\u00f3n m\u00e1s eficientes. Demuestra que en Atacama podemos generar alianzas virtuosas que entregan buenos resultados para las familias\u201d.<\/p>\n<p><a name=\"_GoBack\"><\/a>Rol clave del Gobierno Regional de Atacama<\/p>\n<p align=\"justify\">En el marco del Plan de Emergencia Habitacional, en Atacama se han ejecutado 6.950 viviendas, de las cuales 3.885 corresponden al programa DS49, las cuales han sido financiadas con aporte del Gobierno Regional, destinadas principalmente a familias vulnerables.<\/p>\n<p align=\"justify\">Para la ejecuci\u00f3n de estas viviendas, el Gobierno Regional ha destinado $36.870 millones, cifra que representa aproximadamente el 17% del costo total de estos proyectos habitacionales. A ello se suma la adquisici\u00f3n de 12 terrenos destinados a futuros proyectos de vivienda, inversi\u00f3n que alcanza los $12.127 millones y que ha permitido seguir impulsando nuevas soluciones habitacionales en distintos puntos de la regi\u00f3n.<\/p>\n<p align=\"justify\">En total, el aporte del Gobierno Regional al Plan de Emergencia Habitacional alcanza los $49.997 millones, reflejando el compromiso de la instituci\u00f3n con la reducci\u00f3n del d\u00e9ficit habitacional y el acceso a viviendas dignas para las familias de Atacama.<\/p>\n<p align=\"justify\">La inauguraci\u00f3n del Conjunto Habitacional Eluney se transforma as\u00ed en un nuevo paso en el avance del Plan de Emergencia Habitacional en la regi\u00f3n, consolidando el trabajo colaborativo entre el Gobierno Regional y el Ministerio de Vivienda y Urbanismo para mejorar la calidad de vida de cientos de familias atacame\u00f1as.<\/p>\n","protected":false},"excerpt":{"rendered":"<p>En una significativa ceremonia cargada de emoci\u00f3n y esperanza, autoridades regionales y locales encabezaron la inauguraci\u00f3n del Conjunto Habitacional \u201cEluney\u201d, instancia en la que se&hellip; <\/p>\n","protected":false},"author":7,"featured_media":99484,"comment_status":"closed","ping_status":"closed","sticky":false,"template":"","format":"standard","meta":{"footnotes":""},"categories":[7],"tags":[],"class_list":["post-99483","post","type-post","status-publish","format-standard","has-post-thumbnail","hentry","category-atacama"],"_links":{"self":[{"href":"https:\/\/www.radioamigavallenar.cl\/index.php?rest_route=\/wp\/v2\/posts\/99483","targetHints":{"allow":["GET"]}}],"collection":[{"href":"https:\/\/www.radioamigavallenar.cl\/index.php?rest_route=\/wp\/v2\/posts"}],"about":[{"href":"https:\/\/www.radioamigavallenar.cl\/index.php?rest_route=\/wp\/v2\/types\/post"}],"author":[{"embeddable":true,"href":"https:\/\/www.radioamigavallenar.cl\/index.php?rest_route=\/wp\/v2\/users\/7"}],"replies":[{"embeddable":true,"href":"https:\/\/www.radioamigavallenar.cl\/index.php?rest_route=%2Fwp%2Fv2%2Fcomments&post=99483"}],"version-history":[{"count":2,"href":"https:\/\/www.radioamigavallenar.cl\/index.php?rest_route=\/wp\/v2\/posts\/99483\/revisions"}],"predecessor-version":[{"id":99486,"href":"https:\/\/www.radioamigavallenar.cl\/index.php?rest_route=\/wp\/v2\/posts\/99483\/revisions\/99486"}],"wp:featuredmedia":[{"embeddable":true,"href":"https:\/\/www.radioamigavallenar.cl\/index.php?rest_route=\/wp\/v2\/media\/99484"}],"wp:attachment":[{"href":"https:\/\/www.radioamigavallenar.cl\/index.php?rest_route=%2Fwp%2Fv2%2Fmedia&parent=99483"}],"wp:term":[{"taxonomy":"category","embeddable":true,"href":"https:\/\/www.radioamigavallenar.cl\/index.php?rest_route=%2Fwp%2Fv2%2Fcategories&post=99483"},{"taxonomy":"post_tag","embeddable":true,"href":"https:\/\/www.radioamigavallenar.cl\/index.php?rest_route=%2Fwp%2Fv2%2Ftags&post=99483"}],"curies":[{"name":"wp","href":"https:\/\/api.w.org\/{rel}","templated":true}]}}