{"id":99480,"date":"2026-03-12T00:00:17","date_gmt":"2026-03-12T03:00:17","guid":{"rendered":"https:\/\/www.radioamigavallenar.cl\/?p=99480"},"modified":"2026-03-11T23:06:53","modified_gmt":"2026-03-12T02:06:53","slug":"guanaca-hallada-en-paipote-fue-atendida-y-liberada-en-su-habitat-natural","status":"publish","type":"post","link":"https:\/\/www.radioamigavallenar.cl\/?p=99480","title":{"rendered":"Guanaca hallada en Paipote fue atendida y liberada en su h\u00e1bitat natural"},"content":{"rendered":"<p>Un final feliz tuvo un ejemplar de guanaca encontrada por vecinos de Paipote deambulando solitaria en las cercan\u00edas del Centro de Internaci\u00f3n Provisoria, situaci\u00f3n que fue alertada a Carabineros y posteriormente al Servicio Agr\u00edcola y Ganadero, SAG.<\/p>\n<div class=\"code-block code-block-3\">\n<div id=\"sas_99069\"><\/div>\n<\/div>\n<p>Luego de su atenci\u00f3n en el lugar por parte del SAG y ser trasladada a las instalaciones del servicio en Copiap\u00f3, donde pas\u00f3 una noche bajo observaci\u00f3n, m\u00e9dicas veterinarias verificaron su buen estado general de salud, siendo liberada posteriormente en su h\u00e1bitat natural en una zona segura para ella.<\/p>\n<p>La directora regional (s) del Servicio, Carla Montiel Gonz\u00e1lez, inform\u00f3 que \u201cal acudir al lugar donde se encontr\u00f3 en Paipote, funcionarios constataron que se trataba de una hembra juvenil que estaba desorientada y presentaba algunas lesiones superficiales, presumiblemente producto del ataque de perros\u201d.<\/p>\n<p>A continuaci\u00f3n, y con el apoyo de Carabineros y funcionarios municipales, la guanaca fue llevada a las instalaciones que para estos efectos el SAG tiene en Copiap\u00f3, donde la fauna silvestre afectada es atendida en forma transitoria. En el lugar adem\u00e1s fueron desinfectadas sus heridas y fue desparasitada, entre otros cuidados.<\/p>\n<div class=\"code-block code-block-5\">\n<div id=\"sas_99435\"><\/div>\n<\/div>\n<p>\u201cAl d\u00eda siguiente el animal estaba comiendo con normalidad, atenta al medio y respondiendo de manera favorable a est\u00edmulos. Dada su positiva evaluaci\u00f3n iniciamos un operativo de traslado a su h\u00e1bitat natural y liberaci\u00f3n, lo que tuvo un resultado exitoso\u201d, indic\u00f3 la autoridad.<\/p>\n<p>Sobre la raz\u00f3n de haberse encontrado en una zona urbana, Montiel indic\u00f3 que es una situaci\u00f3n muy poco com\u00fan, por lo que es posible especular que el ejemplar fue trasladado o se manten\u00eda capturado en la zona. Al respecto, recalc\u00f3 que la Ley de Caza proh\u00edbe la caza, captura o comercio de fauna silvestre protegida, como es el guanaco.<\/p>\n<p>\u201cLa ley estipula sanciones de prisi\u00f3n de grado medio a m\u00e1ximo, con multas de tres a cincuenta UTM, a quienes incurran en estas conductas. Esta es una especie catalogada como en peligro de extinci\u00f3n con poblaciones reducidas\u201d, destac\u00f3.<\/p>\n<p>Finalmente, Montiel inst\u00f3 a la comunidad a dar aviso al SAG ante situaciones de fauna herida o amenazada. \u201cEn\u00a0los casos en que no pueda desplazarse libremente, est\u00e9 atrapada, en riesgo por la acci\u00f3n de perros, o est\u00e9 herida, ojal\u00e1 las personas puedan hacer la denuncia al SAG o Carabineros\u201d,\u00a0<span lang=\"ES\">apunt\u00f3.<\/span><\/p>\n","protected":false},"excerpt":{"rendered":"<p>Un final feliz tuvo un ejemplar de guanaca encontrada por vecinos de Paipote deambulando solitaria en las cercan\u00edas del Centro de Internaci\u00f3n Provisoria, situaci\u00f3n que&hellip; <\/p>\n","protected":false},"author":7,"featured_media":99481,"comment_status":"closed","ping_status":"closed","sticky":false,"template":"","format":"standard","meta":{"footnotes":""},"categories":[7],"tags":[],"class_list":["post-99480","post","type-post","status-publish","format-standard","has-post-thumbnail","hentry","category-atacama"],"_links":{"self":[{"href":"https:\/\/www.radioamigavallenar.cl\/index.php?rest_route=\/wp\/v2\/posts\/99480","targetHints":{"allow":["GET"]}}],"collection":[{"href":"https:\/\/www.radioamigavallenar.cl\/index.php?rest_route=\/wp\/v2\/posts"}],"about":[{"href":"https:\/\/www.radioamigavallenar.cl\/index.php?rest_route=\/wp\/v2\/types\/post"}],"author":[{"embeddable":true,"href":"https:\/\/www.radioamigavallenar.cl\/index.php?rest_route=\/wp\/v2\/users\/7"}],"replies":[{"embeddable":true,"href":"https:\/\/www.radioamigavallenar.cl\/index.php?rest_route=%2Fwp%2Fv2%2Fcomments&post=99480"}],"version-history":[{"count":1,"href":"https:\/\/www.radioamigavallenar.cl\/index.php?rest_route=\/wp\/v2\/posts\/99480\/revisions"}],"predecessor-version":[{"id":99482,"href":"https:\/\/www.radioamigavallenar.cl\/index.php?rest_route=\/wp\/v2\/posts\/99480\/revisions\/99482"}],"wp:featuredmedia":[{"embeddable":true,"href":"https:\/\/www.radioamigavallenar.cl\/index.php?rest_route=\/wp\/v2\/media\/99481"}],"wp:attachment":[{"href":"https:\/\/www.radioamigavallenar.cl\/index.php?rest_route=%2Fwp%2Fv2%2Fmedia&parent=99480"}],"wp:term":[{"taxonomy":"category","embeddable":true,"href":"https:\/\/www.radioamigavallenar.cl\/index.php?rest_route=%2Fwp%2Fv2%2Fcategories&post=99480"},{"taxonomy":"post_tag","embeddable":true,"href":"https:\/\/www.radioamigavallenar.cl\/index.php?rest_route=%2Fwp%2Fv2%2Ftags&post=99480"}],"curies":[{"name":"wp","href":"https:\/\/api.w.org\/{rel}","templated":true}]}}