{"id":99477,"date":"2026-03-12T00:00:26","date_gmt":"2026-03-12T03:00:26","guid":{"rendered":"https:\/\/www.radioamigavallenar.cl\/?p=99477"},"modified":"2026-03-11T23:04:15","modified_gmt":"2026-03-12T02:04:15","slug":"presidente-nacional-de-la-cchc-alfredo-echavarria-asume-como-vicepresidente-de-la-cpc","status":"publish","type":"post","link":"https:\/\/www.radioamigavallenar.cl\/?p=99477","title":{"rendered":"Presidente nacional de la CChC, Alfredo Echavarr\u00eda, asume como vicepresidente de la CPC"},"content":{"rendered":"<p>En reuni\u00f3n realizada esta ma\u00f1ana, el Comit\u00e9 Ejecutivo de la Confederaci\u00f3n de la Producci\u00f3n y del Comercio (CPC), organizaci\u00f3n que re\u00fane a los principales gremios empresariales del pa\u00eds, acord\u00f3 designar como nuevo vicepresidente del gremio al presidente de la C\u00e1mara Chilena de la Construcci\u00f3n (CChC), Alfredo Echavarr\u00eda Figueroa.<\/p>\n<p>La decisi\u00f3n fue adoptada por los representantes de las ramas de la CPC, quienes aprobaron de forma un\u00e1nime la propuesta presentada por la presidenta de la organizaci\u00f3n, Susana Jim\u00e9nez. Echavarr\u00eda asume el cargo a partir de hoy, martes 10 de marzo, y se mantendr\u00e1 en funciones hasta diciembre de 2026.<\/p>\n<p>Tras su designaci\u00f3n, el presidente de la CChC se\u00f1al\u00f3 que \u201ces un gran desaf\u00edo y espero poder colaborar en los nueve meses que asumir\u00e9 este nuevo rol. Como siempre lo hemos hecho, vamos a trabajar con las autoridades de gobierno en todo lo que aporte al crecimiento y al desarrollo del pa\u00eds, especialmente para hacer frente a la crisis de empleo que hoy nos preocupa fuertemente\u201d.<\/p>\n<p>Asimismo, agreg\u00f3 que \u201cdesde la CPC y sus distintas ramas seguiremos fortaleciendo el despliegue en todo Chile, articulando el trabajo gremial con presencia desde Arica a Magallanes, para aportar con propuestas y soluciones que ayuden a enfrentar los desaf\u00edos econ\u00f3micos, el grave deterioro de las cuentas fiscales y la imperiosa necesidad de combatir el clima de violencia e inseguridad por el que atraviesa nuestro pa\u00eds\u201d.<\/p>\n<p>El ingeniero civil reemplaza en la vicepresidencia a Daniel Mas Vald\u00e9s, quien dejar\u00e1 su cargo en la CPC tras ser designado biministro de Econom\u00eda y Miner\u00eda, funci\u00f3n que asumir\u00e1 a partir del 11 de marzo.<\/p>\n<p style=\"text-align: center;\"><strong>TRAYECTORIA<\/strong><\/p>\n<p>Ingeniero civil de la Universidad de Chile, Echavarr\u00eda cuenta con m\u00e1s de 45 a\u00f1os de trayectoria en el sector de la construcci\u00f3n. Actualmente se desempe\u00f1a como director de la empresa Desarrollos Constructivos Axis y como director de ILC.<\/p>\n<p>En el \u00e1mbito gremial, suma m\u00e1s de 30 a\u00f1os de participaci\u00f3n activa en la C\u00e1mara Chilena de la Construcci\u00f3n. Durante su trayectoria ha integrado el Consejo Nacional del gremio y ha liderado diversas comisiones vinculadas al desarrollo sustentable, la eficiencia energ\u00e9tica y la infraestructura.<\/p>\n","protected":false},"excerpt":{"rendered":"<p>En reuni\u00f3n realizada esta ma\u00f1ana, el Comit\u00e9 Ejecutivo de la Confederaci\u00f3n de la Producci\u00f3n y del Comercio (CPC), organizaci\u00f3n que re\u00fane a los principales gremios&hellip; <\/p>\n","protected":false},"author":7,"featured_media":99478,"comment_status":"closed","ping_status":"closed","sticky":false,"template":"","format":"standard","meta":{"footnotes":""},"categories":[38],"tags":[],"class_list":["post-99477","post","type-post","status-publish","format-standard","has-post-thumbnail","hentry","category-portada-regional"],"_links":{"self":[{"href":"https:\/\/www.radioamigavallenar.cl\/index.php?rest_route=\/wp\/v2\/posts\/99477","targetHints":{"allow":["GET"]}}],"collection":[{"href":"https:\/\/www.radioamigavallenar.cl\/index.php?rest_route=\/wp\/v2\/posts"}],"about":[{"href":"https:\/\/www.radioamigavallenar.cl\/index.php?rest_route=\/wp\/v2\/types\/post"}],"author":[{"embeddable":true,"href":"https:\/\/www.radioamigavallenar.cl\/index.php?rest_route=\/wp\/v2\/users\/7"}],"replies":[{"embeddable":true,"href":"https:\/\/www.radioamigavallenar.cl\/index.php?rest_route=%2Fwp%2Fv2%2Fcomments&post=99477"}],"version-history":[{"count":1,"href":"https:\/\/www.radioamigavallenar.cl\/index.php?rest_route=\/wp\/v2\/posts\/99477\/revisions"}],"predecessor-version":[{"id":99479,"href":"https:\/\/www.radioamigavallenar.cl\/index.php?rest_route=\/wp\/v2\/posts\/99477\/revisions\/99479"}],"wp:featuredmedia":[{"embeddable":true,"href":"https:\/\/www.radioamigavallenar.cl\/index.php?rest_route=\/wp\/v2\/media\/99478"}],"wp:attachment":[{"href":"https:\/\/www.radioamigavallenar.cl\/index.php?rest_route=%2Fwp%2Fv2%2Fmedia&parent=99477"}],"wp:term":[{"taxonomy":"category","embeddable":true,"href":"https:\/\/www.radioamigavallenar.cl\/index.php?rest_route=%2Fwp%2Fv2%2Fcategories&post=99477"},{"taxonomy":"post_tag","embeddable":true,"href":"https:\/\/www.radioamigavallenar.cl\/index.php?rest_route=%2Fwp%2Fv2%2Ftags&post=99477"}],"curies":[{"name":"wp","href":"https:\/\/api.w.org\/{rel}","templated":true}]}}