{"id":99474,"date":"2026-03-11T11:43:53","date_gmt":"2026-03-11T14:43:53","guid":{"rendered":"https:\/\/www.radioamigavallenar.cl\/?p=99474"},"modified":"2026-03-11T11:43:53","modified_gmt":"2026-03-11T14:43:53","slug":"quiebre-en-la-interna-del-partido-republicano-en-atacama-tras-asignacion-de-sofia-cid-como-delegada-presidencial","status":"publish","type":"post","link":"https:\/\/www.radioamigavallenar.cl\/?p=99474","title":{"rendered":"Quiebre en la interna del Partido Republicano en Atacama tras asignaci\u00f3n de Sof\u00eda Cid como Delegada Presidencial"},"content":{"rendered":"<p data-pm-slice=\"1 1 []\">A horas de que asuma\u00a0Jos\u00e9 Antonio Kast\u00a0(Republicano) como presidente de Chile. En Atacama tambi\u00e9n se vivir\u00e1 un cambio de gobierno regional. En donde dejar\u00e1 el cargo el delegado presidencial\u00a0Rodrigo Illanes\u00a0(Frente Amplio) para asumir el liderazgo regional la ex diputada\u00a0Sof\u00eda Cid\u00a0(Republicana).<\/p>\n<p>Esta designaci\u00f3n no ha estado fuera de la pol\u00e9mica dentro del\u00a0Partido Republicano en Atacama.<\/p>\n<p>De acuerdo a fuentes del medio, habr\u00eda una divisi\u00f3n interna por la asignaci\u00f3n de Cid como delegada.<\/p>\n<p>Seg\u00fan antecedentes recopilados, varios militantes antiguos de este conglomerado pol\u00edtico afirmaron al medio que \u00abCid se tom\u00f3 el partido pol\u00edtico con exmiembros de Renovaci\u00f3n Nacional (RN)\u00bb.<\/p>\n<p>En donde apuntan que estos miembros buscan apoderarse de la administraci\u00f3n Kast en la regi\u00f3n en b\u00fasqueda de fuentes laborales, influencias y poder.<\/p>\n<p>Otro punto que se pudo recabar es la molestia interna que hay por la poca representatividad de miembros de Republicanos en el gabinete regional. Siendo desplazados por la c\u00fapula de RN, UDI y amigos de Cid.<\/p>\n<p>Adem\u00e1s, y seg\u00fan estas fuentes, existe una molestia interna por los nexos que hay entre el gobernador\u00a0Miguel Vargas Correa\u00a0(ex PS), la delegada Cid y Chile Vamos. Lo cual para ellos ser\u00eda una \u00abtraici\u00f3n a sus bases trabajar con gente de izquierda\u00bb.<\/p>\n<p>Esta situaci\u00f3n prev\u00e9 un eventual desborde y conflictos entre los miembros del nuevo gobierno de Kast. En donde rencillas e intereses personales y, sobre todo, pactos secretos con gente de izquierda, vaticinan un debut y despedida de la derecha en Atacama.<\/p>\n","protected":false},"excerpt":{"rendered":"<p>A horas de que asuma\u00a0Jos\u00e9 Antonio Kast\u00a0(Republicano) como presidente de Chile. En Atacama tambi\u00e9n se vivir\u00e1 un cambio de gobierno regional. En donde dejar\u00e1 el&hellip; <\/p>\n","protected":false},"author":7,"featured_media":98497,"comment_status":"closed","ping_status":"closed","sticky":false,"template":"","format":"standard","meta":{"footnotes":""},"categories":[7],"tags":[],"class_list":["post-99474","post","type-post","status-publish","format-standard","has-post-thumbnail","hentry","category-atacama"],"_links":{"self":[{"href":"https:\/\/www.radioamigavallenar.cl\/index.php?rest_route=\/wp\/v2\/posts\/99474","targetHints":{"allow":["GET"]}}],"collection":[{"href":"https:\/\/www.radioamigavallenar.cl\/index.php?rest_route=\/wp\/v2\/posts"}],"about":[{"href":"https:\/\/www.radioamigavallenar.cl\/index.php?rest_route=\/wp\/v2\/types\/post"}],"author":[{"embeddable":true,"href":"https:\/\/www.radioamigavallenar.cl\/index.php?rest_route=\/wp\/v2\/users\/7"}],"replies":[{"embeddable":true,"href":"https:\/\/www.radioamigavallenar.cl\/index.php?rest_route=%2Fwp%2Fv2%2Fcomments&post=99474"}],"version-history":[{"count":1,"href":"https:\/\/www.radioamigavallenar.cl\/index.php?rest_route=\/wp\/v2\/posts\/99474\/revisions"}],"predecessor-version":[{"id":99475,"href":"https:\/\/www.radioamigavallenar.cl\/index.php?rest_route=\/wp\/v2\/posts\/99474\/revisions\/99475"}],"wp:featuredmedia":[{"embeddable":true,"href":"https:\/\/www.radioamigavallenar.cl\/index.php?rest_route=\/wp\/v2\/media\/98497"}],"wp:attachment":[{"href":"https:\/\/www.radioamigavallenar.cl\/index.php?rest_route=%2Fwp%2Fv2%2Fmedia&parent=99474"}],"wp:term":[{"taxonomy":"category","embeddable":true,"href":"https:\/\/www.radioamigavallenar.cl\/index.php?rest_route=%2Fwp%2Fv2%2Fcategories&post=99474"},{"taxonomy":"post_tag","embeddable":true,"href":"https:\/\/www.radioamigavallenar.cl\/index.php?rest_route=%2Fwp%2Fv2%2Ftags&post=99474"}],"curies":[{"name":"wp","href":"https:\/\/api.w.org\/{rel}","templated":true}]}}