{"id":99471,"date":"2026-03-11T10:45:59","date_gmt":"2026-03-11T13:45:59","guid":{"rendered":"https:\/\/www.radioamigavallenar.cl\/?p=99471"},"modified":"2026-03-11T10:45:59","modified_gmt":"2026-03-11T13:45:59","slug":"ejecutan-obras-de-rehabilitacion-de-pavimento-en-distintos-puntos-de-ruta-del-algarrobo-en-el-tramo-entre-la-serena-y-vallenar","status":"publish","type":"post","link":"https:\/\/www.radioamigavallenar.cl\/?p=99471","title":{"rendered":"Ejecutan obras de rehabilitaci\u00f3n de pavimento en distintos puntos de ruta del algarrobo en el tramo entre La Serena y Vallenar"},"content":{"rendered":"<ul>\n<li>Trabajos buscan conservar las \u00f3ptimas condiciones de seguridad y operatividad vial requeridas en la ruta.<\/li>\n<\/ul>\n<p>En el marco de las acciones peri\u00f3dicas que la Sociedad Concesionaria Ruta del Algarrobo desarrolla con miras a la conservaci\u00f3n vial de la Ruta 5, en el tramo entre La Serena y Vallenar, durante los meses de Marzo a Junio del presente a\u00f1o ejecutar\u00e1 obras de rehabilitaci\u00f3n del pavimento en distintos puntos de la ruta.<\/p>\n<p>Seg\u00fan explicaron desde la Concesionaria, dichos trabajos, que se ejecutar\u00e1n en ambos sentidos de tr\u00e1nsito y se enmarcan en un plan de contingencia que incluye medidas como la limpieza de la carretera y la reposici\u00f3n y\/o reparaci\u00f3n de diversos elementos de infraestructura vial, tienen por objeto mantener los est\u00e1ndares de seguridad de la ruta.<\/p>\n<p>Lo anterior, a fin de evitar cualquier condici\u00f3n que implique riesgo para los usuarios y, con ello, generar las condiciones para una experiencia de viaje seguro y expedito. Por ello, por disposici\u00f3n de la Inspecci\u00f3n Fiscal del Ministerio de Obras P\u00fablicas, el tr\u00e1nsito quedar\u00e1 segregado y\/o con restricciones de pista durante el tiempo que duren dichos trabajos.<\/p>\n<p>Desde la concesionaria, encargada de operar la doble v\u00eda entre las regiones de Coquimbo y Atacama, llamaron a los conductores a adoptar medidas que aseguren una conducci\u00f3n atenta a las condiciones del tr\u00e1nsito y que respete la se\u00f1alizaci\u00f3n vial y los l\u00edmites de velocidad.<\/p>\n<p>Ello, a fin que garanticen su propia seguridad y pongan en resguardo tanto a otros usuarios como al personal t\u00e9cnico a cargo de las obras, al tiempo que invitaron a informarse en detalle del avance de las obras a trav\u00e9s de la p\u00e1gina web -rutadelalgarrobo.cl- como a trav\u00e9s de las redes sociales de la compa\u00f1\u00eda.<\/p>\n","protected":false},"excerpt":{"rendered":"<p>Trabajos buscan conservar las \u00f3ptimas condiciones de seguridad y operatividad vial requeridas en la ruta. En el marco de las acciones peri\u00f3dicas que la Sociedad&hellip; <\/p>\n","protected":false},"author":7,"featured_media":99472,"comment_status":"closed","ping_status":"closed","sticky":false,"template":"","format":"standard","meta":{"footnotes":""},"categories":[7],"tags":[],"class_list":["post-99471","post","type-post","status-publish","format-standard","has-post-thumbnail","hentry","category-atacama"],"_links":{"self":[{"href":"https:\/\/www.radioamigavallenar.cl\/index.php?rest_route=\/wp\/v2\/posts\/99471","targetHints":{"allow":["GET"]}}],"collection":[{"href":"https:\/\/www.radioamigavallenar.cl\/index.php?rest_route=\/wp\/v2\/posts"}],"about":[{"href":"https:\/\/www.radioamigavallenar.cl\/index.php?rest_route=\/wp\/v2\/types\/post"}],"author":[{"embeddable":true,"href":"https:\/\/www.radioamigavallenar.cl\/index.php?rest_route=\/wp\/v2\/users\/7"}],"replies":[{"embeddable":true,"href":"https:\/\/www.radioamigavallenar.cl\/index.php?rest_route=%2Fwp%2Fv2%2Fcomments&post=99471"}],"version-history":[{"count":1,"href":"https:\/\/www.radioamigavallenar.cl\/index.php?rest_route=\/wp\/v2\/posts\/99471\/revisions"}],"predecessor-version":[{"id":99473,"href":"https:\/\/www.radioamigavallenar.cl\/index.php?rest_route=\/wp\/v2\/posts\/99471\/revisions\/99473"}],"wp:featuredmedia":[{"embeddable":true,"href":"https:\/\/www.radioamigavallenar.cl\/index.php?rest_route=\/wp\/v2\/media\/99472"}],"wp:attachment":[{"href":"https:\/\/www.radioamigavallenar.cl\/index.php?rest_route=%2Fwp%2Fv2%2Fmedia&parent=99471"}],"wp:term":[{"taxonomy":"category","embeddable":true,"href":"https:\/\/www.radioamigavallenar.cl\/index.php?rest_route=%2Fwp%2Fv2%2Fcategories&post=99471"},{"taxonomy":"post_tag","embeddable":true,"href":"https:\/\/www.radioamigavallenar.cl\/index.php?rest_route=%2Fwp%2Fv2%2Ftags&post=99471"}],"curies":[{"name":"wp","href":"https:\/\/api.w.org\/{rel}","templated":true}]}}