{"id":99469,"date":"2026-03-11T10:15:25","date_gmt":"2026-03-11T13:15:25","guid":{"rendered":"https:\/\/www.radioamigavallenar.cl\/?p=99469"},"modified":"2026-03-11T10:15:25","modified_gmt":"2026-03-11T13:15:25","slug":"dolar-opera-al-alza-con-mercados-atentos-a-guerra-en-medio-oriente-e-ipc-de-ee-uu","status":"publish","type":"post","link":"https:\/\/www.radioamigavallenar.cl\/?p=99469","title":{"rendered":"D\u00f3lar opera al alza con mercados atentos a guerra en Medio Oriente e IPC de EE.UU."},"content":{"rendered":"<p>El d\u00f3lar inici\u00f3 la jornada de este mi\u00e9rcoles con una leve alza de<b>\u00a0$5,2\u00a0<\/b>en el mercado cambiario local, con la atenci\u00f3n de los inversionistas puesta\u00a0<b>tanto en el conflicto en Medio Oriente como en la agenda econ\u00f3mica de Estados Unidos.<\/b><\/p>\n<p>En concreto, en los primeros movimientos de la ma\u00f1ana, en la apertura, el billete verde se ubic\u00f3 en<b>\u00a0$895,4 vendedor y $895 comprador a las 8.53 horas.<\/b><\/p>\n<p>Seg\u00fan explic\u00f3<b>\u00a0Felipe Sep\u00falveda,<\/b>\u00a0analista jefe de Admirals Latinoam\u00e9rica, el movimiento se da \u00aben un contexto de relativa estabilidad en los mercados internacionales y una agenda local marcada por el cambio de mando presidencial que se realiza hoy en el pa\u00eds\u00bb.<\/p>\n<p>A nivel externo, el comportamiento del d\u00f3lar global muestra escasas variaciones. \u00ab<b>El Dollar Index (DXY) se mantiene pr\u00e1cticamente estable en 98,7 puntos, con un avance de apenas 0,06%<\/b>\u00ab, se\u00f1al\u00f3 el analista.<\/p>\n<p>Sin embargo, el escenario internacional contin\u00faa marcado por la incertidumbre geopol\u00edtica.<\/p>\n<p><b>Thomas Naeter,<\/b>\u00a0analista de mercados de Capitaria, indic\u00f3 que \u00abel presidente Donald Trump se\u00f1al\u00f3 inicialmente que el conflicto estar\u00eda cerca de finalizar y que Washington garantizar\u00eda el tr\u00e1nsito seguro de petroleros, aunque durante las \u00faltimas horas han surgido versiones contradictorias sobre la capacidad de EE.UU. para escoltar buques en la zona\u00bb.<\/p>\n<p>En el mercado de materias primas, en tanto, el cobre \u2014principal exportaci\u00f3n de Chile\u2014 muestra retrocesos.\u00a0<b>\u00abEl metal cae 1,08% hasta US$5,84 la libra, tras tres jornadas consecutivas de alzas\u00bb, indic\u00f3 Sep\u00falveda.<\/b><\/p>\n<p>De cara a la jornada, \u00abl<b>a atenci\u00f3n del mercado estar\u00e1 centrada en la publicaci\u00f3n del IPC de EE.UU., u<\/b>n dato clave para evaluar las presiones inflacionarias y las futuras decisiones de pol\u00edtica monetaria de la Reserva Federal\u00bb, agreg\u00f3 el analista.<\/p>\n","protected":false},"excerpt":{"rendered":"<p>El d\u00f3lar inici\u00f3 la jornada de este mi\u00e9rcoles con una leve alza de\u00a0$5,2\u00a0en el mercado cambiario local, con la atenci\u00f3n de los inversionistas puesta\u00a0tanto en&hellip; <\/p>\n","protected":false},"author":7,"featured_media":98720,"comment_status":"closed","ping_status":"closed","sticky":false,"template":"","format":"standard","meta":{"footnotes":""},"categories":[37],"tags":[],"class_list":["post-99469","post","type-post","status-publish","format-standard","has-post-thumbnail","hentry","category-nacional"],"_links":{"self":[{"href":"https:\/\/www.radioamigavallenar.cl\/index.php?rest_route=\/wp\/v2\/posts\/99469","targetHints":{"allow":["GET"]}}],"collection":[{"href":"https:\/\/www.radioamigavallenar.cl\/index.php?rest_route=\/wp\/v2\/posts"}],"about":[{"href":"https:\/\/www.radioamigavallenar.cl\/index.php?rest_route=\/wp\/v2\/types\/post"}],"author":[{"embeddable":true,"href":"https:\/\/www.radioamigavallenar.cl\/index.php?rest_route=\/wp\/v2\/users\/7"}],"replies":[{"embeddable":true,"href":"https:\/\/www.radioamigavallenar.cl\/index.php?rest_route=%2Fwp%2Fv2%2Fcomments&post=99469"}],"version-history":[{"count":1,"href":"https:\/\/www.radioamigavallenar.cl\/index.php?rest_route=\/wp\/v2\/posts\/99469\/revisions"}],"predecessor-version":[{"id":99470,"href":"https:\/\/www.radioamigavallenar.cl\/index.php?rest_route=\/wp\/v2\/posts\/99469\/revisions\/99470"}],"wp:featuredmedia":[{"embeddable":true,"href":"https:\/\/www.radioamigavallenar.cl\/index.php?rest_route=\/wp\/v2\/media\/98720"}],"wp:attachment":[{"href":"https:\/\/www.radioamigavallenar.cl\/index.php?rest_route=%2Fwp%2Fv2%2Fmedia&parent=99469"}],"wp:term":[{"taxonomy":"category","embeddable":true,"href":"https:\/\/www.radioamigavallenar.cl\/index.php?rest_route=%2Fwp%2Fv2%2Fcategories&post=99469"},{"taxonomy":"post_tag","embeddable":true,"href":"https:\/\/www.radioamigavallenar.cl\/index.php?rest_route=%2Fwp%2Fv2%2Ftags&post=99469"}],"curies":[{"name":"wp","href":"https:\/\/api.w.org\/{rel}","templated":true}]}}