{"id":99466,"date":"2026-03-11T10:12:21","date_gmt":"2026-03-11T13:12:21","guid":{"rendered":"https:\/\/www.radioamigavallenar.cl\/?p=99466"},"modified":"2026-03-11T10:12:21","modified_gmt":"2026-03-11T13:12:21","slug":"un-tirano-electo-lienzo-en-el-instituto-nacional-advierte-que-estudiantes-estan-en-pie-de-guerra","status":"publish","type":"post","link":"https:\/\/www.radioamigavallenar.cl\/?p=99466","title":{"rendered":"\u00abUn tirano electo\u00bb: lienzo en el Instituto Nacional advierte que estudiantes est\u00e1n \u00aben pie de guerra\u00bb"},"content":{"rendered":"<p>En el contexto del traspaso de mando entre Gabriel Boric y Jos\u00e9 Antonio Kast, un lienzo fue colgado este martes en uno de los patios del\u00a0<strong>Instituto Nacional<\/strong>. Este dice, entre otras cosas, que \u201cun tirano electo no es algo nuevo\u201d.<\/p>\n<p>No es nueva la situaci\u00f3n del mencionado recinto educativo. En los \u00faltimos a\u00f1os, all\u00ed se han producido\u00a0<strong>una serie de tomas y manifestaciones<\/strong>\u00a0protagonizadas por estudiantes y personas externas, exigiendo mejoras internas y tambi\u00e9n por motivos pol\u00edticos.<\/p>\n<p>Aqu\u00ed se popularizaron los denominados<strong>\u00a0\u201coveroles blancos\u201d<\/strong>, manifestantes encapuchados que sal\u00edan del colegio para instalar barricadas y lanzar bombas molotov contra personal de Carabineros.<\/p>\n<p>Las manifestaciones no cesaron durante el gobierno de Boric y se espera que estas se mantengan en la nueva administraci\u00f3n que liderar\u00e1 Kast. Ejemplo de esto es un lienzo instalado este mi\u00e9rcoles\u00a0<strong>en un patio del instituto<\/strong>, donde mencionan que est\u00e1n \u201cen pie de guerra contra toda autoridad\u201d.<\/p>\n<p>El cartel dice: \u201cUn tirano electo no es algo nuevo \/ Es el reflejo del sistema que nos somete \/ Con la memoria intacta nos levantamos \/ En pie de guerra contra toda autoridad\u201d.<\/p>\n","protected":false},"excerpt":{"rendered":"<p>En el contexto del traspaso de mando entre Gabriel Boric y Jos\u00e9 Antonio Kast, un lienzo fue colgado este martes en uno de los patios&hellip; <\/p>\n","protected":false},"author":7,"featured_media":99467,"comment_status":"closed","ping_status":"closed","sticky":false,"template":"","format":"standard","meta":{"footnotes":""},"categories":[37],"tags":[],"class_list":["post-99466","post","type-post","status-publish","format-standard","has-post-thumbnail","hentry","category-nacional"],"_links":{"self":[{"href":"https:\/\/www.radioamigavallenar.cl\/index.php?rest_route=\/wp\/v2\/posts\/99466","targetHints":{"allow":["GET"]}}],"collection":[{"href":"https:\/\/www.radioamigavallenar.cl\/index.php?rest_route=\/wp\/v2\/posts"}],"about":[{"href":"https:\/\/www.radioamigavallenar.cl\/index.php?rest_route=\/wp\/v2\/types\/post"}],"author":[{"embeddable":true,"href":"https:\/\/www.radioamigavallenar.cl\/index.php?rest_route=\/wp\/v2\/users\/7"}],"replies":[{"embeddable":true,"href":"https:\/\/www.radioamigavallenar.cl\/index.php?rest_route=%2Fwp%2Fv2%2Fcomments&post=99466"}],"version-history":[{"count":1,"href":"https:\/\/www.radioamigavallenar.cl\/index.php?rest_route=\/wp\/v2\/posts\/99466\/revisions"}],"predecessor-version":[{"id":99468,"href":"https:\/\/www.radioamigavallenar.cl\/index.php?rest_route=\/wp\/v2\/posts\/99466\/revisions\/99468"}],"wp:featuredmedia":[{"embeddable":true,"href":"https:\/\/www.radioamigavallenar.cl\/index.php?rest_route=\/wp\/v2\/media\/99467"}],"wp:attachment":[{"href":"https:\/\/www.radioamigavallenar.cl\/index.php?rest_route=%2Fwp%2Fv2%2Fmedia&parent=99466"}],"wp:term":[{"taxonomy":"category","embeddable":true,"href":"https:\/\/www.radioamigavallenar.cl\/index.php?rest_route=%2Fwp%2Fv2%2Fcategories&post=99466"},{"taxonomy":"post_tag","embeddable":true,"href":"https:\/\/www.radioamigavallenar.cl\/index.php?rest_route=%2Fwp%2Fv2%2Ftags&post=99466"}],"curies":[{"name":"wp","href":"https:\/\/api.w.org\/{rel}","templated":true}]}}