{"id":99463,"date":"2026-03-11T10:09:55","date_gmt":"2026-03-11T13:09:55","guid":{"rendered":"https:\/\/www.radioamigavallenar.cl\/?p=99463"},"modified":"2026-03-11T10:09:55","modified_gmt":"2026-03-11T13:09:55","slug":"ciclista-vallenarino-brayan-antequera-fue-seleccionado-para-representar-a-chile-en-el-panamericano-de-ruta-junior-2026","status":"publish","type":"post","link":"https:\/\/www.radioamigavallenar.cl\/?p=99463","title":{"rendered":"Ciclista vallenarino Brayan Antequera fue seleccionado para representar a Chile en el Panamericano de Ruta Junior 2026"},"content":{"rendered":"<p>Un importante logro para el deporte local se conoci\u00f3 en las \u00faltimas horas, luego que el ciclista vallenarino Brayan Antequera Monroy fuera confirmado en la n\u00f3mina oficial de la selecci\u00f3n chilena que participar\u00e1 en el Campeonato Panamericano de Ruta 2026.<\/p>\n<p>La informaci\u00f3n fue dada a conocer por la Federaci\u00f3n Deportiva Nacional de Ciclismo de Chile, que public\u00f3 la lista de deportistas que integrar\u00e1n el equipo nacional en las distintas categor\u00edas.<br \/>\nAntequera fue seleccionado en la categor\u00eda Junior Varones, donde representar\u00e1 a Chile junto a otros ciclistas del pa\u00eds en el campeonato continental que se desarrollar\u00e1 entre el 16 y el 22 de marzo en la ciudad de Monter\u00eda, en Colombia.<\/p>\n<p>El deportista, perteneciente a la Academia Municipal, logr\u00f3 su clasificaci\u00f3n tras el proceso evaluativo realizado por la federaci\u00f3n, que consider\u00f3 competencias como la Vuelta a San Juan 2026, la Vuelta Juvenil Puerto Montt 2026 y el Campeonato Nacional de Ruta 2026.<\/p>\n<p>La presencia del ciclista vallenarino en esta competencia internacional representa un importante reconocimiento a su rendimiento deportivo y al trabajo formativo desarrollado en la comuna, proyect\u00e1ndolo como una de las j\u00f3venes promesas del ciclismo regional.<\/p>\n<p>Con esta nominaci\u00f3n, Antequera tendr\u00e1 la oportunidad de competir frente a los mejores exponentes juveniles del continente, llevando adem\u00e1s el nombre de Vallenar y de la regi\u00f3n de Atacama a una de las competencias m\u00e1s importantes del ciclismo panamericano.<\/p>\n","protected":false},"excerpt":{"rendered":"<p>Un importante logro para el deporte local se conoci\u00f3 en las \u00faltimas horas, luego que el ciclista vallenarino Brayan Antequera Monroy fuera confirmado en la&hellip; <\/p>\n","protected":false},"author":7,"featured_media":99464,"comment_status":"closed","ping_status":"closed","sticky":false,"template":"","format":"standard","meta":{"footnotes":""},"categories":[38],"tags":[],"class_list":["post-99463","post","type-post","status-publish","format-standard","has-post-thumbnail","hentry","category-portada-regional"],"_links":{"self":[{"href":"https:\/\/www.radioamigavallenar.cl\/index.php?rest_route=\/wp\/v2\/posts\/99463","targetHints":{"allow":["GET"]}}],"collection":[{"href":"https:\/\/www.radioamigavallenar.cl\/index.php?rest_route=\/wp\/v2\/posts"}],"about":[{"href":"https:\/\/www.radioamigavallenar.cl\/index.php?rest_route=\/wp\/v2\/types\/post"}],"author":[{"embeddable":true,"href":"https:\/\/www.radioamigavallenar.cl\/index.php?rest_route=\/wp\/v2\/users\/7"}],"replies":[{"embeddable":true,"href":"https:\/\/www.radioamigavallenar.cl\/index.php?rest_route=%2Fwp%2Fv2%2Fcomments&post=99463"}],"version-history":[{"count":1,"href":"https:\/\/www.radioamigavallenar.cl\/index.php?rest_route=\/wp\/v2\/posts\/99463\/revisions"}],"predecessor-version":[{"id":99465,"href":"https:\/\/www.radioamigavallenar.cl\/index.php?rest_route=\/wp\/v2\/posts\/99463\/revisions\/99465"}],"wp:featuredmedia":[{"embeddable":true,"href":"https:\/\/www.radioamigavallenar.cl\/index.php?rest_route=\/wp\/v2\/media\/99464"}],"wp:attachment":[{"href":"https:\/\/www.radioamigavallenar.cl\/index.php?rest_route=%2Fwp%2Fv2%2Fmedia&parent=99463"}],"wp:term":[{"taxonomy":"category","embeddable":true,"href":"https:\/\/www.radioamigavallenar.cl\/index.php?rest_route=%2Fwp%2Fv2%2Fcategories&post=99463"},{"taxonomy":"post_tag","embeddable":true,"href":"https:\/\/www.radioamigavallenar.cl\/index.php?rest_route=%2Fwp%2Fv2%2Ftags&post=99463"}],"curies":[{"name":"wp","href":"https:\/\/api.w.org\/{rel}","templated":true}]}}