{"id":99460,"date":"2026-03-11T09:46:28","date_gmt":"2026-03-11T12:46:28","guid":{"rendered":"https:\/\/www.radioamigavallenar.cl\/?p=99460"},"modified":"2026-03-11T09:46:28","modified_gmt":"2026-03-11T12:46:28","slug":"partido-socialista-no-eramos-del-primer-anillo-pero-pudimos-contribuir-bastante","status":"publish","type":"post","link":"https:\/\/www.radioamigavallenar.cl\/?p=99460","title":{"rendered":"Partido Socialista: No \u00e9ramos del \u00abprimer anillo\u00bb, pero pudimos contribuir bastante"},"content":{"rendered":"<p>La presidenta del Partido Socialista, la senadora\u00a0<strong>Paulina Vodanovic,<\/strong> realiz\u00f3\u00a0un balance del trabajo realizado durante el gobierno de Gabriel Boric, recordando que originalmente la colectividad no formaba parte del \u00abprimer anillo\u00bb oficialista.<\/p>\n<p>En di\u00e1logo, Vodanovic record\u00f3 que \u00abnosotros como Partido Socialista ingresamos al gobierno en condiciones que todos conocen.\u00a0<strong>No \u00e9ramos la primera l\u00ednea ni el primer anillo\u00bb.<\/strong><\/p>\n<p><strong>\u00abEst\u00e1bamos un poquito en la &#8216;mesa del pellejo&#8217; en t\u00e9rminos de la toma de decisiones,<\/strong>\u00a0de la discusi\u00f3n del programa, y\u00a0<strong>pudimos avanzar y contribuir bastante.<\/strong>\u00a0No siempre en la medida que hubi\u00e9ramos querido, no siempre con la fuerza que hubi\u00e9ramos querido en temas importantes; lo digo, por ejemplo,\u00a0a ra\u00edz del caso de los indultos. No fuimos consultados, y si lo hubi\u00e9ramos sido habr\u00edamos sido muy dr\u00e1sticos en decir que no correspond\u00eda aquello\u00bb, a\u00f1adi\u00f3.<\/p>\n<p>\u00abYo integro la Comisi\u00f3n de Seguridad del Senado y quiero decirles que desde all\u00ed fue un balde de agua fr\u00eda lo que ocurri\u00f3 porque\u00a0<strong>Carolina Toh\u00e1 ten\u00eda montado un trabajo, iba a haber una mesa transversal de seguridad que fracas\u00f3 al d\u00eda siguiente de aquello.<\/strong>\u00a0Y por lo tanto, creo que para nosotros fue un golpe en la l\u00ednea de flotaci\u00f3n porque de ah\u00ed en adelante pienso que la ciudadan\u00eda no crey\u00f3 en que desde el centro y desde la izquierda pudi\u00e9ramos tener realmente un compromiso con la seguridad\u00bb, lament\u00f3.<\/p>\n<p>Tras el\u00a0mea culpa del Mandatario sobre el caso Monsalve y la fallida venta de la casa de Allende, Vodanovic plante\u00f3 que \u00abson dos temas muy distintos, pero claramente el Presidente tambi\u00e9n lo dijo en el comit\u00e9 pol\u00edtico o en el c\u00f3nclave, que \u00e9l se arrepent\u00eda (&#8230;) pero que \u00e9l consideraba que esa conferencia de prensa hab\u00eda estado mal, que lo de la casa de Allende tambi\u00e9n le dol\u00eda mucho, pero bueno,\u00a0<strong>son errores que finalmente, mea culpa o no, se cometieron y causaron -particularmente el caso de la senadora Allende- un tremendo da\u00f1o<\/strong>\u00a0y que finalmente quedan ah\u00ed en la lista de lo negativo, de lo que ojal\u00e1 no hubiera ocurrido\u00bb.<\/p>\n","protected":false},"excerpt":{"rendered":"<p>La presidenta del Partido Socialista, la senadora\u00a0Paulina Vodanovic, realiz\u00f3\u00a0un balance del trabajo realizado durante el gobierno de Gabriel Boric, recordando que originalmente la colectividad no&hellip; <\/p>\n","protected":false},"author":7,"featured_media":99461,"comment_status":"closed","ping_status":"closed","sticky":false,"template":"","format":"standard","meta":{"footnotes":""},"categories":[37],"tags":[],"class_list":["post-99460","post","type-post","status-publish","format-standard","has-post-thumbnail","hentry","category-nacional"],"_links":{"self":[{"href":"https:\/\/www.radioamigavallenar.cl\/index.php?rest_route=\/wp\/v2\/posts\/99460","targetHints":{"allow":["GET"]}}],"collection":[{"href":"https:\/\/www.radioamigavallenar.cl\/index.php?rest_route=\/wp\/v2\/posts"}],"about":[{"href":"https:\/\/www.radioamigavallenar.cl\/index.php?rest_route=\/wp\/v2\/types\/post"}],"author":[{"embeddable":true,"href":"https:\/\/www.radioamigavallenar.cl\/index.php?rest_route=\/wp\/v2\/users\/7"}],"replies":[{"embeddable":true,"href":"https:\/\/www.radioamigavallenar.cl\/index.php?rest_route=%2Fwp%2Fv2%2Fcomments&post=99460"}],"version-history":[{"count":1,"href":"https:\/\/www.radioamigavallenar.cl\/index.php?rest_route=\/wp\/v2\/posts\/99460\/revisions"}],"predecessor-version":[{"id":99462,"href":"https:\/\/www.radioamigavallenar.cl\/index.php?rest_route=\/wp\/v2\/posts\/99460\/revisions\/99462"}],"wp:featuredmedia":[{"embeddable":true,"href":"https:\/\/www.radioamigavallenar.cl\/index.php?rest_route=\/wp\/v2\/media\/99461"}],"wp:attachment":[{"href":"https:\/\/www.radioamigavallenar.cl\/index.php?rest_route=%2Fwp%2Fv2%2Fmedia&parent=99460"}],"wp:term":[{"taxonomy":"category","embeddable":true,"href":"https:\/\/www.radioamigavallenar.cl\/index.php?rest_route=%2Fwp%2Fv2%2Fcategories&post=99460"},{"taxonomy":"post_tag","embeddable":true,"href":"https:\/\/www.radioamigavallenar.cl\/index.php?rest_route=%2Fwp%2Fv2%2Ftags&post=99460"}],"curies":[{"name":"wp","href":"https:\/\/api.w.org\/{rel}","templated":true}]}}