{"id":99454,"date":"2026-03-11T09:38:03","date_gmt":"2026-03-11T12:38:03","guid":{"rendered":"https:\/\/www.radioamigavallenar.cl\/?p=99454"},"modified":"2026-03-11T09:38:03","modified_gmt":"2026-03-11T12:38:03","slug":"senadora-cicardini-logramos-el-primer-semaforo-para-huasco-un-hito-en-seguridad-vial-de-sus-familias-y-vecinos","status":"publish","type":"post","link":"https:\/\/www.radioamigavallenar.cl\/?p=99454","title":{"rendered":"Senadora Cicardini: \u201cLogramos el primer sem\u00e1foro para Huasco; un hito en seguridad vial de sus familias y vecinos\u201d"},"content":{"rendered":"<p><em>*\u00a0<\/em><strong><em>Requerimiento de vecinos por mayor seguridad vial dio frutos tras gestiones directas de legisladora y alcalde ante saliente ministro de Transportes, con respaldo de la Seremi de Atacama.<\/em><\/strong><\/p>\n<p><strong><em>* Parlamentaria llam\u00f3 a nuevas autoridades a concretar la medida, subrayando que \u201cno es solo un poste de metal con luces\u2026significa tranquilidad para madres y padres de la comuna\u201d, enfatiz\u00f3.<\/em><\/strong><\/p>\n<p>&nbsp;<\/p>\n<p>Tras a\u00f1os de lucha de la comunidad por mayor seguridad vial, y luego de una intensa agenda de gestiones liderada por la entonces diputada y hoy reci\u00e9n asumida Senadora por Atacama, Daniella Cicardini (PS), el alcalde, Genaro Brice\u00f1o, y concejales, la Seremi saliente de Transportes de Atacama confirm\u00f3 oficialmente la instalaci\u00f3n del primer sem\u00e1foro en la historia de la comuna de Huasco.<\/p>\n<p>La noticia fue entregada este martes, en su \u00faltima reuni\u00f3n en el cargo, por la seremi de Transportes, Carla Orrego, y Juan Eduardo Pino, representante de la UOCT del nivel central, en un encuentro mixto, remoto y presencial, entre autoridades, el alcalde Brice\u00f1o, concejales, la Direcci\u00f3n de Tr\u00e1nsito Municipal, y representantes de juntas de vecinos y vecinas de sectores como Villa Victoria, Hacienda Bellavista, Las Colinas, Villa Las Palmas, y de la agrupaci\u00f3n de Defensa de Derechos de Agua de Huasco.<\/p>\n<p>El anuncio de la Seremi requiri\u00f3 incluso un encuentro previo gestionado por Cicardini, entre dirigentes, alcalde y concejales ante el saliente ministro de Transportes y Telecomunicaciones (MTT), Juan Carlos Mu\u00f1oz, para plantear el requerimiento de la comunidad.<\/p>\n<p>Posteriormente, se pudo validar t\u00e9cnicamente la inquietud de dirigentes y vecinos, tras estudios en terreno realizados en los \u00faltimos meses por profesionales de la UOCT, que acreditan la urgencia de regular el flujo automovil\u00edstico en el punto de instalaci\u00f3n propuesto para la nueva se\u00f1al luminosa de tr\u00e1nsito, en la intersecci\u00f3n de la Ruta C-46 con calle Agua de Luna, cercano a establecimientos como el Liceo Jap\u00f3n y punto cr\u00edtico para la seguridad vial de las familias y estudiantes.<\/p>\n<p>Al respecto, la parlamentaria, Daniella Cicardini, tras participar remotamente del encuentro, en v\u00edsperas de asumir como senadora por Atacama, manifest\u00f3 que \u201ces una gran noticia para la lucha de los vecinos que acompa\u00f1amos junto al alcalde, concejales y el apoyo del diputado Tapia. Primero, por el hito urbano que significa este primer sem\u00e1foro para Huasco. Pero, sobre todo, porque este no es solo un poste de metal con luces. Este sem\u00e1foro significa tranquilidad para madres y padres por sus hijos e hijas, y proteger la vida e integridad de adultos mayores y peatones en general\u201d, enfatiz\u00f3.<\/p>\n<p>La legisladora valor\u00f3 y agradeci\u00f3 la disposici\u00f3n de la Seremi saliente, y record\u00f3 que durante 2025 se desarrollaron varias reuniones junto a autoridades y vecinos, previo a los estudios t\u00e9cnicos por parte del Ministerio, por lo que, ante la contingencia del cambio de gobierno, llam\u00f3 a las autoridades entrantes a materializar la medida.<\/p>\n<p>\u201cEste es solo el primer paso de un compromiso institucional con la seguridad, la integridad y la vida de los vecinos de Huasco, y es un compromiso que no tiene color pol\u00edtico. Por lo que estaremos vigilantes de su avance, y llamo a las nuevas autoridades ministeriales y de gobierno a hacerse parte en apoyar al municipio en lo que viene, y darle continuidad con la urgencia y empat\u00eda que hemos puesto en esta mesa de trabajo por el bien de la comunidad\u201d, concluy\u00f3.<\/p>\n<p>En tanto, Marcela Ardiles, secretaria de la junta de vecinos Villa Victoria, una de las principales organizaciones impulsoras de la demanda, dijo sentirse \u201cfeliz, porque se logr\u00f3 algo por lo que la poblaci\u00f3n hab\u00eda luchado. Est\u00e1bamos tristes porque anteriormente se nos dijo que no se pod\u00eda, pero se logr\u00f3, y se agradece lo que se pudo obtener con el apoyo de la diputada y las autoridades, que es contar por fin con nuestro sem\u00e1foro\u201d.<\/p>\n<p>Tras el anuncio, vienen etapas de dise\u00f1o del proyecto por parte de la UOCT con apoyo municipal, y posteriormente b\u00fasqueda de financiamiento para su concreci\u00f3n.<\/p>\n","protected":false},"excerpt":{"rendered":"<p>*\u00a0Requerimiento de vecinos por mayor seguridad vial dio frutos tras gestiones directas de legisladora y alcalde ante saliente ministro de Transportes, con respaldo de la&hellip; <\/p>\n","protected":false},"author":7,"featured_media":99455,"comment_status":"closed","ping_status":"closed","sticky":false,"template":"","format":"standard","meta":{"footnotes":""},"categories":[7],"tags":[],"class_list":["post-99454","post","type-post","status-publish","format-standard","has-post-thumbnail","hentry","category-atacama"],"_links":{"self":[{"href":"https:\/\/www.radioamigavallenar.cl\/index.php?rest_route=\/wp\/v2\/posts\/99454","targetHints":{"allow":["GET"]}}],"collection":[{"href":"https:\/\/www.radioamigavallenar.cl\/index.php?rest_route=\/wp\/v2\/posts"}],"about":[{"href":"https:\/\/www.radioamigavallenar.cl\/index.php?rest_route=\/wp\/v2\/types\/post"}],"author":[{"embeddable":true,"href":"https:\/\/www.radioamigavallenar.cl\/index.php?rest_route=\/wp\/v2\/users\/7"}],"replies":[{"embeddable":true,"href":"https:\/\/www.radioamigavallenar.cl\/index.php?rest_route=%2Fwp%2Fv2%2Fcomments&post=99454"}],"version-history":[{"count":1,"href":"https:\/\/www.radioamigavallenar.cl\/index.php?rest_route=\/wp\/v2\/posts\/99454\/revisions"}],"predecessor-version":[{"id":99456,"href":"https:\/\/www.radioamigavallenar.cl\/index.php?rest_route=\/wp\/v2\/posts\/99454\/revisions\/99456"}],"wp:featuredmedia":[{"embeddable":true,"href":"https:\/\/www.radioamigavallenar.cl\/index.php?rest_route=\/wp\/v2\/media\/99455"}],"wp:attachment":[{"href":"https:\/\/www.radioamigavallenar.cl\/index.php?rest_route=%2Fwp%2Fv2%2Fmedia&parent=99454"}],"wp:term":[{"taxonomy":"category","embeddable":true,"href":"https:\/\/www.radioamigavallenar.cl\/index.php?rest_route=%2Fwp%2Fv2%2Fcategories&post=99454"},{"taxonomy":"post_tag","embeddable":true,"href":"https:\/\/www.radioamigavallenar.cl\/index.php?rest_route=%2Fwp%2Fv2%2Ftags&post=99454"}],"curies":[{"name":"wp","href":"https:\/\/api.w.org\/{rel}","templated":true}]}}