{"id":99451,"date":"2026-03-11T00:00:14","date_gmt":"2026-03-11T03:00:14","guid":{"rendered":"https:\/\/www.radioamigavallenar.cl\/?p=99451"},"modified":"2026-03-10T22:51:09","modified_gmt":"2026-03-11T01:51:09","slug":"freirina-fortalece-la-participacion-socio-disciplinaria-en-los-derechos-de-las-personas-con-discapacidad","status":"publish","type":"post","link":"https:\/\/www.radioamigavallenar.cl\/?p=99451","title":{"rendered":"Freirina fortalece la participaci\u00f3n socio-disciplinaria en los derechos de las personas con discapacidad"},"content":{"rendered":"<p>En el Sal\u00f3n Principal del Edificio Los Portales de Freirina se realiz\u00f3 el taller \u275e\ud835\udc05\ud835\udc28\ud835\udc2b\ud835\udc2d\ud835\udc1a\ud835\udc25\ud835\udc1e\ud835\udc1c\ud835\udc22\ud835\udc26\ud835\udc22\ud835\udc1e\ud835\udc27\ud835\udc2d\ud835\udc28 \ud835\udc1d\ud835\udc1e \ud835\udc25\ud835\udc1a \ud835\udc0f\ud835\udc1a\ud835\udc2b\ud835\udc2d\ud835\udc22\ud835\udc1c\ud835\udc22\ud835\udc29\ud835\udc1a\ud835\udc1c\ud835\udc22\ud835\udc28\u0301\ud835\udc27: \ud835\udc04\ud835\udc26\ud835\udc29\ud835\udc28\ud835\udc1d\ud835\udc1e\ud835\udc2b\ud835\udc1a\ud835\udc27\ud835\udc1d\ud835\udc28 \ud835\udc15\ud835\udc28\ud835\udc1c\ud835\udc1e\ud835\udc2c \ud835\udc29\ud835\udc28\ud835\udc2b \ud835\udc25\ud835\udc28\ud835\udc2c \ud835\udc03\ud835\udc1e\ud835\udc2b\ud835\udc1e\ud835\udc1c\ud835\udc21\ud835\udc28\ud835\udc2c \ud835\udc1d\ud835\udc1e \ud835\udc25\ud835\udc1a\ud835\udc2c \ud835\udc0f\ud835\udc1e\ud835\udc2b\ud835\udc2c\ud835\udc28\ud835\udc27\ud835\udc1a\ud835\udc2c \ud835\udc1c\ud835\udc28\ud835\udc27 \ud835\udc03\ud835\udc22\ud835\udc2c\ud835\udc1c\ud835\udc1a\ud835\udc29\ud835\udc1a\ud835\udc1c\ud835\udc22\ud835\udc1d\ud835\udc1a\ud835\udc1d\u275e.<\/p>\n<p>Una instancia formativa organizada por la Municipalidad de Freirina a trav\u00e9s de su Oficina de Discapacidad Freirina.<\/p>\n<p>La actividad fue desarrollada por la estudiante en pr\u00e1ctica de T\u00e9cnico en Trabajo Social, Magdalena Torres Barrios, quien expuso a las y los dirigentes sociales sobre los principales derechos de las personas con discapacidad y la importancia de promover su participaci\u00f3n social en la vida comunitaria. Durante el encuentro se abordaron los \u00faltimos avances legislativos recientes en materia de inclusi\u00f3n.<\/p>\n<p>En la jornada participaron representantes de distintos territorios y organizaciones sociales, entre ellos dirigentes de Vicu\u00f1a Mackenna. Tanto su JJ.VV. como el Club de Adulto Mayor \ud835\udc12\ud835\udc28\ud835\udc25 \ud835\udc04\ud835\udc2d\ud835\udc1e\ud835\udc2b\ud835\udc27\ud835\udc28, la Junta de Vecinos \ud835\udc02\ud835\udc1e\ud835\udc27\ud835\udc2d\ud835\udc2b\ud835\udc28 \ud835\udc05\ud835\udc2b\ud835\udc1e\ud835\udc22\ud835\udc2b\ud835\udc22\ud835\udc27\ud835\udc1a, Junta de Vecinos de \ud835\udc13\ud835\udc1a\ud835\udc2d\ud835\udc1a\ud835\udc2b\ud835\udc1a, Junta de Vecinos de \ud835\udc11\ud835\udc28\ud835\udc1b\ud835\udc1e\ud835\udc2b\ud835\udc2d\ud835\udc28 \ud835\udc02\ud835\udc1a\ud835\udc25\ud835\udc25\ud835\udc1e\ud835\udc23\ud835\udc1a\ud835\udc2c, as\u00ed como integrantes de agrupaciones vinculadas a la discapacidad como \ud835\udc00\ud835\udc20\ud835\udc2b\ud835\udc2e\ud835\udc29\ud835\udc1a\ud835\udc1c\ud835\udc22\ud835\udc28\u0301\ud835\udc27 \ud835\udc0b\ud835\udc28\ud835\udc2c \ud835\udc1d\ud835\udc1e \ud835\udc25\ud835\udc1a \ud835\udc02\ud835\udc1a\ud835\udc2c\ud835\udc1a.<\/p>\n<p>El taller incluy\u00f3 adem\u00e1s un ejercicio pr\u00e1ctico en el que las y los participantes trabajaron en la planificaci\u00f3n de actividades inclusivas para sus propios territorios. La instancia finaliz\u00f3 con un espacio de di\u00e1logo y recopilaci\u00f3n de propuestas planteadas por las y los dirigentes, reforzando el compromiso comunitario con la inclusi\u00f3n y la participaci\u00f3n de las personas con discapacidad en la comuna.<\/p>\n","protected":false},"excerpt":{"rendered":"<p>En el Sal\u00f3n Principal del Edificio Los Portales de Freirina se realiz\u00f3 el taller \u275e\ud835\udc05\ud835\udc28\ud835\udc2b\ud835\udc2d\ud835\udc1a\ud835\udc25\ud835\udc1e\ud835\udc1c\ud835\udc22\ud835\udc26\ud835\udc22\ud835\udc1e\ud835\udc27\ud835\udc2d\ud835\udc28 \ud835\udc1d\ud835\udc1e \ud835\udc25\ud835\udc1a \ud835\udc0f\ud835\udc1a\ud835\udc2b\ud835\udc2d\ud835\udc22\ud835\udc1c\ud835\udc22\ud835\udc29\ud835\udc1a\ud835\udc1c\ud835\udc22\ud835\udc28\u0301\ud835\udc27: \ud835\udc04\ud835\udc26\ud835\udc29\ud835\udc28\ud835\udc1d\ud835\udc1e\ud835\udc2b\ud835\udc1a\ud835\udc27\ud835\udc1d\ud835\udc28 \ud835\udc15\ud835\udc28\ud835\udc1c\ud835\udc1e\ud835\udc2c \ud835\udc29\ud835\udc28\ud835\udc2b \ud835\udc25\ud835\udc28\ud835\udc2c \ud835\udc03\ud835\udc1e\ud835\udc2b\ud835\udc1e\ud835\udc1c\ud835\udc21\ud835\udc28\ud835\udc2c \ud835\udc1d\ud835\udc1e \ud835\udc25\ud835\udc1a\ud835\udc2c&hellip; <\/p>\n","protected":false},"author":7,"featured_media":99452,"comment_status":"closed","ping_status":"closed","sticky":false,"template":"","format":"standard","meta":{"footnotes":""},"categories":[7],"tags":[],"class_list":["post-99451","post","type-post","status-publish","format-standard","has-post-thumbnail","hentry","category-atacama"],"_links":{"self":[{"href":"https:\/\/www.radioamigavallenar.cl\/index.php?rest_route=\/wp\/v2\/posts\/99451","targetHints":{"allow":["GET"]}}],"collection":[{"href":"https:\/\/www.radioamigavallenar.cl\/index.php?rest_route=\/wp\/v2\/posts"}],"about":[{"href":"https:\/\/www.radioamigavallenar.cl\/index.php?rest_route=\/wp\/v2\/types\/post"}],"author":[{"embeddable":true,"href":"https:\/\/www.radioamigavallenar.cl\/index.php?rest_route=\/wp\/v2\/users\/7"}],"replies":[{"embeddable":true,"href":"https:\/\/www.radioamigavallenar.cl\/index.php?rest_route=%2Fwp%2Fv2%2Fcomments&post=99451"}],"version-history":[{"count":1,"href":"https:\/\/www.radioamigavallenar.cl\/index.php?rest_route=\/wp\/v2\/posts\/99451\/revisions"}],"predecessor-version":[{"id":99453,"href":"https:\/\/www.radioamigavallenar.cl\/index.php?rest_route=\/wp\/v2\/posts\/99451\/revisions\/99453"}],"wp:featuredmedia":[{"embeddable":true,"href":"https:\/\/www.radioamigavallenar.cl\/index.php?rest_route=\/wp\/v2\/media\/99452"}],"wp:attachment":[{"href":"https:\/\/www.radioamigavallenar.cl\/index.php?rest_route=%2Fwp%2Fv2%2Fmedia&parent=99451"}],"wp:term":[{"taxonomy":"category","embeddable":true,"href":"https:\/\/www.radioamigavallenar.cl\/index.php?rest_route=%2Fwp%2Fv2%2Fcategories&post=99451"},{"taxonomy":"post_tag","embeddable":true,"href":"https:\/\/www.radioamigavallenar.cl\/index.php?rest_route=%2Fwp%2Fv2%2Ftags&post=99451"}],"curies":[{"name":"wp","href":"https:\/\/api.w.org\/{rel}","templated":true}]}}