{"id":99448,"date":"2026-03-11T00:00:33","date_gmt":"2026-03-11T03:00:33","guid":{"rendered":"https:\/\/www.radioamigavallenar.cl\/?p=99448"},"modified":"2026-03-10T22:50:11","modified_gmt":"2026-03-11T01:50:11","slug":"municipio-de-freirina-inicia-trabajo-en-terreno-para-proyecto-de-agua-potable-y-alcantarillado-en-sectores-altos","status":"publish","type":"post","link":"https:\/\/www.radioamigavallenar.cl\/?p=99448","title":{"rendered":"Municipio de Freirina inicia trabajo en terreno para proyecto de agua potable y alcantarillado en sectores altos"},"content":{"rendered":"<p data-pm-slice=\"1 1 []\">Desde la Plaza C\u00edvica de la comuna, la Municipalidad de Freirina dio inicio a un proceso de encuestas domiciliarias en distintos sectores altos del territorio, como parte del levantamiento de informaci\u00f3n necesario para avanzar en un proyecto de factibilidad de agua potable y alcantarillado para familias que a\u00fan no cuentan con estos servicios b\u00e1sicos.<\/p>\n<p>La iniciativa fue presentada por el alcalde Fernando Ruhl P\u00e9rez junto a la directora de SECPLA, Constanza Altamirano, quienes informaron que un equipo de encuestadores, todos vecinos de la comuna, recorrer\u00e1 durante los pr\u00f3ximos d\u00edas sectores como Jos\u00e9 Santos, Altiplano Sur y parte de Vista Hermosa, entre otros lugares con el objetivo de recopilar antecedentes directamente desde los hogares.<\/p>\n<p>Seg\u00fan explicaron desde el municipio, esta etapa es clave para elaborar el perfil del proyecto que posteriormente permitir\u00e1 gestionar la factibilidad t\u00e9cnica del sistema sanitario. El proceso se realiza en el marco de un trabajo coordinado con el Gobierno Regional y la empresa sanitaria Nueva Atacama.<\/p>\n<p>Durante el lanzamiento, las autoridades hicieron un llamado a la comunidad a colaborar con los encuestadores, quienes se desplazar\u00e1n debidamente identificados con credenciales municipales. La informaci\u00f3n que se obtenga permitir\u00e1 dimensionar la demanda real de servicios b\u00e1sicos en estos sectores y avanzar en la planificaci\u00f3n de soluciones sanitarias.<\/p>\n<p>Desde la municipalidad tambi\u00e9n se indic\u00f3 que los encuestadores estar\u00e1n aproximadamente diez d\u00edas recorriendo los distintos sectores, acompa\u00f1ados por funcionarios de \u00e1reas como SECPLA y DIDECO, como parte del trabajo territorial que busca acercar la gesti\u00f3n municipal a las necesidades concretas de los vecinos.<\/p>\n<p>As\u00ed, mientras en ocasiones anteriores el concepto de \u201cmunicipio en terreno\u201d ha sido motivo de debate en distintas comunas, que solo quedaban como discurso, en esta oportunidad la administraci\u00f3n local destaca una acci\u00f3n concreta que involucra a equipos municipales y a j\u00f3venes de la comuna desplegados directamente en los barrios, levantando informaci\u00f3n clave para proyectos de infraestructura largamente esperados por la comunidad.<\/p>\n","protected":false},"excerpt":{"rendered":"<p>Desde la Plaza C\u00edvica de la comuna, la Municipalidad de Freirina dio inicio a un proceso de encuestas domiciliarias en distintos sectores altos del territorio,&hellip; <\/p>\n","protected":false},"author":7,"featured_media":99449,"comment_status":"closed","ping_status":"closed","sticky":false,"template":"","format":"standard","meta":{"footnotes":""},"categories":[7],"tags":[],"class_list":["post-99448","post","type-post","status-publish","format-standard","has-post-thumbnail","hentry","category-atacama"],"_links":{"self":[{"href":"https:\/\/www.radioamigavallenar.cl\/index.php?rest_route=\/wp\/v2\/posts\/99448","targetHints":{"allow":["GET"]}}],"collection":[{"href":"https:\/\/www.radioamigavallenar.cl\/index.php?rest_route=\/wp\/v2\/posts"}],"about":[{"href":"https:\/\/www.radioamigavallenar.cl\/index.php?rest_route=\/wp\/v2\/types\/post"}],"author":[{"embeddable":true,"href":"https:\/\/www.radioamigavallenar.cl\/index.php?rest_route=\/wp\/v2\/users\/7"}],"replies":[{"embeddable":true,"href":"https:\/\/www.radioamigavallenar.cl\/index.php?rest_route=%2Fwp%2Fv2%2Fcomments&post=99448"}],"version-history":[{"count":1,"href":"https:\/\/www.radioamigavallenar.cl\/index.php?rest_route=\/wp\/v2\/posts\/99448\/revisions"}],"predecessor-version":[{"id":99450,"href":"https:\/\/www.radioamigavallenar.cl\/index.php?rest_route=\/wp\/v2\/posts\/99448\/revisions\/99450"}],"wp:featuredmedia":[{"embeddable":true,"href":"https:\/\/www.radioamigavallenar.cl\/index.php?rest_route=\/wp\/v2\/media\/99449"}],"wp:attachment":[{"href":"https:\/\/www.radioamigavallenar.cl\/index.php?rest_route=%2Fwp%2Fv2%2Fmedia&parent=99448"}],"wp:term":[{"taxonomy":"category","embeddable":true,"href":"https:\/\/www.radioamigavallenar.cl\/index.php?rest_route=%2Fwp%2Fv2%2Fcategories&post=99448"},{"taxonomy":"post_tag","embeddable":true,"href":"https:\/\/www.radioamigavallenar.cl\/index.php?rest_route=%2Fwp%2Fv2%2Ftags&post=99448"}],"curies":[{"name":"wp","href":"https:\/\/api.w.org\/{rel}","templated":true}]}}