{"id":99445,"date":"2026-03-11T00:00:03","date_gmt":"2026-03-11T03:00:03","guid":{"rendered":"https:\/\/www.radioamigavallenar.cl\/?p=99445"},"modified":"2026-03-10T22:47:59","modified_gmt":"2026-03-11T01:47:59","slug":"jaime-mulet-frevs-insiste-en-pacto-amplio-por-la-presidencia-de-la-camara-ganar-por-un-voto-para-que-despues-no-se-cumplan-los-acuerdos-no-tiene-sentido","status":"publish","type":"post","link":"https:\/\/www.radioamigavallenar.cl\/?p=99445","title":{"rendered":"Jaime Mulet (FREVS) insiste en pacto amplio por la presidencia de la C\u00e1mara: \u201cGanar por un voto para que despu\u00e9s no se cumplan los acuerdos no tiene sentido\u201d"},"content":{"rendered":"<p data-pm-slice=\"1 1 []\">Tras la firma del acuerdo administrativo entre el hasta ahora oficialismo, la DC y el PDG, el diputado Jaime Mulet (Federaci\u00f3n Regionalista Verde Social) insisti\u00f3 en la necesidad de ampliar el pacto. Seg\u00fan explic\u00f3, \u201ctener los medios empatados y ganar por un voto, la verdad es que \u2013a mi juicio\u2013 carece de sentido y de estabilidad; despu\u00e9s esos acuerdos no se cumplen\u201d.<\/p>\n<p data-pm-slice=\"1 1 []\">En ese sentido, afirm\u00f3 que \u201cel pa\u00eds requiere que la pol\u00edtica se preocupe de los problemas graves: Salud, seguridad ciudadana y crecimiento econ\u00f3mico (\u2026) vamos a enfrentar dificultades\u201d, por lo que considera \u201cmuy importante\u201d la b\u00fasqueda de un acuerdo mayormente transversal.<\/p>\n<p>Al respecto, Mulet reafirm\u00f3 que \u201csoy partidario de un acuerdo amplio y voy a seguir hasta el final para tratar que se logre, no ganar por un voto. Eso, la verdad es que da mucha inestabilidad\u201d.<\/p>\n<p>Sobre lo anterior, a\u00f1adi\u00f3 que \u201cllevamos muchos a\u00f1os en lo mismo. Tenemos que subir el nivel de nuestros acuerdos y de la actuaci\u00f3n en pol\u00edtica. Ganar por un voto para que despu\u00e9s no se cumplan los acuerdos no tiene sentido\u201d.<\/p>\n<p>\u201cHoy d\u00eda tener los medios empatados y ganar por un voto, la verdad es que \u2013a mi juicio\u2013 carece de sentido y de estabilidad, despu\u00e9s esos acuerdos no se cumplen\u201d, remarc\u00f3.<\/p>\n<p>Por lo mismo, insisti\u00f3 en llegar a \u201cun entendimiento m\u00e1s amplio, que d\u00e9 estabilidad, que le d\u00e9 a cada uno lo que corresponde por lo que pesa y no tratar de tener una ganada peque\u00f1a que despu\u00e9s se transforma en dificultades\u201d.<\/p>\n<p>\u201cEl pa\u00eds requiere que la pol\u00edtica se preocupe de los problemas graves: Salud, seguridad ciudadana y crecimiento econ\u00f3mico, son muy importantes y urgentes. Y vamos a enfrentar dificultades, por eso creo que es muy importante hacerlo de esa manera\u201d, concluy\u00f3.<\/p>\n","protected":false},"excerpt":{"rendered":"<p>Tras la firma del acuerdo administrativo entre el hasta ahora oficialismo, la DC y el PDG, el diputado Jaime Mulet (Federaci\u00f3n Regionalista Verde Social) insisti\u00f3&hellip; <\/p>\n","protected":false},"author":7,"featured_media":61980,"comment_status":"closed","ping_status":"closed","sticky":false,"template":"","format":"standard","meta":{"footnotes":""},"categories":[7],"tags":[],"class_list":["post-99445","post","type-post","status-publish","format-standard","has-post-thumbnail","hentry","category-atacama"],"_links":{"self":[{"href":"https:\/\/www.radioamigavallenar.cl\/index.php?rest_route=\/wp\/v2\/posts\/99445","targetHints":{"allow":["GET"]}}],"collection":[{"href":"https:\/\/www.radioamigavallenar.cl\/index.php?rest_route=\/wp\/v2\/posts"}],"about":[{"href":"https:\/\/www.radioamigavallenar.cl\/index.php?rest_route=\/wp\/v2\/types\/post"}],"author":[{"embeddable":true,"href":"https:\/\/www.radioamigavallenar.cl\/index.php?rest_route=\/wp\/v2\/users\/7"}],"replies":[{"embeddable":true,"href":"https:\/\/www.radioamigavallenar.cl\/index.php?rest_route=%2Fwp%2Fv2%2Fcomments&post=99445"}],"version-history":[{"count":2,"href":"https:\/\/www.radioamigavallenar.cl\/index.php?rest_route=\/wp\/v2\/posts\/99445\/revisions"}],"predecessor-version":[{"id":99447,"href":"https:\/\/www.radioamigavallenar.cl\/index.php?rest_route=\/wp\/v2\/posts\/99445\/revisions\/99447"}],"wp:featuredmedia":[{"embeddable":true,"href":"https:\/\/www.radioamigavallenar.cl\/index.php?rest_route=\/wp\/v2\/media\/61980"}],"wp:attachment":[{"href":"https:\/\/www.radioamigavallenar.cl\/index.php?rest_route=%2Fwp%2Fv2%2Fmedia&parent=99445"}],"wp:term":[{"taxonomy":"category","embeddable":true,"href":"https:\/\/www.radioamigavallenar.cl\/index.php?rest_route=%2Fwp%2Fv2%2Fcategories&post=99445"},{"taxonomy":"post_tag","embeddable":true,"href":"https:\/\/www.radioamigavallenar.cl\/index.php?rest_route=%2Fwp%2Fv2%2Ftags&post=99445"}],"curies":[{"name":"wp","href":"https:\/\/api.w.org\/{rel}","templated":true}]}}