{"id":99442,"date":"2026-03-11T00:01:56","date_gmt":"2026-03-11T03:01:56","guid":{"rendered":"https:\/\/www.radioamigavallenar.cl\/?p=99442"},"modified":"2026-03-10T22:46:00","modified_gmt":"2026-03-11T01:46:00","slug":"fiscalizaciones-conjuntas-buscan-frenar-contrabando-y-delitos-en-rutas-de-vallenar","status":"publish","type":"post","link":"https:\/\/www.radioamigavallenar.cl\/?p=99442","title":{"rendered":"Fiscalizaciones conjuntas buscan frenar contrabando y delitos en rutas de Vallenar"},"content":{"rendered":"<p data-pm-slice=\"1 1 []\">Con el objetivo de reforzar los controles en las principales rutas de la provincia del Huasco, Carabineros de la Tenencia de Carreteras Atacama Sur realiz\u00f3 servicios integrales de fiscalizaci\u00f3n en coordinaci\u00f3n con personal de la Direcci\u00f3n Nacional de Aduanas.<\/p>\n<p>De acuerdo con lo informado por Carabineros de la Regi\u00f3n de Atacama, estos controles est\u00e1n orientados a prevenir el paso de contrabando de cigarrillos, tr\u00e1fico de drogas, infracciones a la Ley de Propiedad Intelectual y el traslado irregular de veh\u00edculos provenientes desde zona franca.<\/p>\n<p>El despliegue considera fiscalizaciones selectivas en carretera, revisi\u00f3n de veh\u00edculos y verificaci\u00f3n de documentaci\u00f3n, labores que se desarrollan de manera conjunta entre ambas instituciones para fortalecer el control del tr\u00e1nsito de mercanc\u00edas y detectar eventuales delitos.<\/p>\n<p>Desde Carabineros se\u00f1alaron que este tipo de operativos busca reforzar la seguridad en las rutas y evitar que estas sean utilizadas para el traslado de productos o elementos de origen il\u00edcito hacia distintas comunas de la regi\u00f3n.<\/p>\n","protected":false},"excerpt":{"rendered":"<p>Con el objetivo de reforzar los controles en las principales rutas de la provincia del Huasco, Carabineros de la Tenencia de Carreteras Atacama Sur realiz\u00f3&hellip; <\/p>\n","protected":false},"author":7,"featured_media":99443,"comment_status":"closed","ping_status":"closed","sticky":false,"template":"","format":"standard","meta":{"footnotes":""},"categories":[7],"tags":[],"class_list":["post-99442","post","type-post","status-publish","format-standard","has-post-thumbnail","hentry","category-atacama"],"_links":{"self":[{"href":"https:\/\/www.radioamigavallenar.cl\/index.php?rest_route=\/wp\/v2\/posts\/99442","targetHints":{"allow":["GET"]}}],"collection":[{"href":"https:\/\/www.radioamigavallenar.cl\/index.php?rest_route=\/wp\/v2\/posts"}],"about":[{"href":"https:\/\/www.radioamigavallenar.cl\/index.php?rest_route=\/wp\/v2\/types\/post"}],"author":[{"embeddable":true,"href":"https:\/\/www.radioamigavallenar.cl\/index.php?rest_route=\/wp\/v2\/users\/7"}],"replies":[{"embeddable":true,"href":"https:\/\/www.radioamigavallenar.cl\/index.php?rest_route=%2Fwp%2Fv2%2Fcomments&post=99442"}],"version-history":[{"count":1,"href":"https:\/\/www.radioamigavallenar.cl\/index.php?rest_route=\/wp\/v2\/posts\/99442\/revisions"}],"predecessor-version":[{"id":99444,"href":"https:\/\/www.radioamigavallenar.cl\/index.php?rest_route=\/wp\/v2\/posts\/99442\/revisions\/99444"}],"wp:featuredmedia":[{"embeddable":true,"href":"https:\/\/www.radioamigavallenar.cl\/index.php?rest_route=\/wp\/v2\/media\/99443"}],"wp:attachment":[{"href":"https:\/\/www.radioamigavallenar.cl\/index.php?rest_route=%2Fwp%2Fv2%2Fmedia&parent=99442"}],"wp:term":[{"taxonomy":"category","embeddable":true,"href":"https:\/\/www.radioamigavallenar.cl\/index.php?rest_route=%2Fwp%2Fv2%2Fcategories&post=99442"},{"taxonomy":"post_tag","embeddable":true,"href":"https:\/\/www.radioamigavallenar.cl\/index.php?rest_route=%2Fwp%2Fv2%2Ftags&post=99442"}],"curies":[{"name":"wp","href":"https:\/\/api.w.org\/{rel}","templated":true}]}}