{"id":99439,"date":"2026-03-11T00:00:03","date_gmt":"2026-03-11T03:00:03","guid":{"rendered":"https:\/\/www.radioamigavallenar.cl\/?p=99439"},"modified":"2026-03-10T22:44:54","modified_gmt":"2026-03-11T01:44:54","slug":"carabineros-refuerza-vigilancia-fronteriza-en-zonas-remotas-de-atacama","status":"publish","type":"post","link":"https:\/\/www.radioamigavallenar.cl\/?p=99439","title":{"rendered":"Carabineros refuerza vigilancia fronteriza en zonas remotas de Atacama"},"content":{"rendered":"<p>Carabineros mantiene un despliegue permanente en los sectores m\u00e1s apartados de la Regi\u00f3n de Atacama con el objetivo de reforzar el resguardo de la soberan\u00eda nacional y fortalecer el control en zonas fronterizas de alta complejidad geogr\u00e1fica.<\/p>\n<p>As\u00ed lo inform\u00f3 el mayor Mario Carre\u00f1o Herrera, comisario de la 4\u00aa Comisar\u00eda El Salvador (F), quien explic\u00f3 que el personal especializado de frontera realiza patrullajes y labores de vigilancia en distintos puntos estrat\u00e9gicos del territorio.<\/p>\n<p>Los operativos se desarrollan con apoyo del personal apostado en el Complejo Fronterizo San Francisco y abarcan sectores como el paso habilitado San Francisco, Laguna Verde y las rutas de acceso al volc\u00e1n Incahuasi y al Nevado Ojos del Salado, considerado el estratovolc\u00e1n activo m\u00e1s alto del mundo.<\/p>\n<div class=\"code-block code-block-5\">\n<div id=\"sas_99435\"><\/div>\n<\/div>\n<p>De acuerdo con el oficial, estas acciones buscan prevenir el ingreso irregular de personas al pa\u00eds y combatir eventuales delitos transnacionales mediante patrullajes constantes en rutas y zonas aleda\u00f1as, reforzando as\u00ed la seguridad en esta extensa franja fronteriza.<\/p>\n<p>El \u00e1rea donde se realizan estos operativos se ubica a cerca de 300 kil\u00f3metros de la ciudad de Copiap\u00f3, lo que implica m\u00e1s de cuatro horas de desplazamiento, adem\u00e1s de superar las tres horas de trayecto desde la localidad minera de El Salvador. La zona se encuentra a m\u00e1s de 4.700 metros sobre el nivel del mar, lo que representa condiciones geogr\u00e1ficas y clim\u00e1ticas de alta exigencia.<\/p>\n<p>Carabineros destac\u00f3 que la presencia permanente en estos sectores estrat\u00e9gicos permite fortalecer el control de las fronteras y reafirmar el rol de la instituci\u00f3n en la protecci\u00f3n de la soberan\u00eda nacional, incluso en los puntos m\u00e1s extremos y de dif\u00edcil acceso de la regi\u00f3n.<\/p>\n","protected":false},"excerpt":{"rendered":"<p>Carabineros mantiene un despliegue permanente en los sectores m\u00e1s apartados de la Regi\u00f3n de Atacama con el objetivo de reforzar el resguardo de la soberan\u00eda&hellip; <\/p>\n","protected":false},"author":7,"featured_media":99440,"comment_status":"closed","ping_status":"closed","sticky":false,"template":"","format":"standard","meta":{"footnotes":""},"categories":[7],"tags":[],"class_list":["post-99439","post","type-post","status-publish","format-standard","has-post-thumbnail","hentry","category-atacama"],"_links":{"self":[{"href":"https:\/\/www.radioamigavallenar.cl\/index.php?rest_route=\/wp\/v2\/posts\/99439","targetHints":{"allow":["GET"]}}],"collection":[{"href":"https:\/\/www.radioamigavallenar.cl\/index.php?rest_route=\/wp\/v2\/posts"}],"about":[{"href":"https:\/\/www.radioamigavallenar.cl\/index.php?rest_route=\/wp\/v2\/types\/post"}],"author":[{"embeddable":true,"href":"https:\/\/www.radioamigavallenar.cl\/index.php?rest_route=\/wp\/v2\/users\/7"}],"replies":[{"embeddable":true,"href":"https:\/\/www.radioamigavallenar.cl\/index.php?rest_route=%2Fwp%2Fv2%2Fcomments&post=99439"}],"version-history":[{"count":1,"href":"https:\/\/www.radioamigavallenar.cl\/index.php?rest_route=\/wp\/v2\/posts\/99439\/revisions"}],"predecessor-version":[{"id":99441,"href":"https:\/\/www.radioamigavallenar.cl\/index.php?rest_route=\/wp\/v2\/posts\/99439\/revisions\/99441"}],"wp:featuredmedia":[{"embeddable":true,"href":"https:\/\/www.radioamigavallenar.cl\/index.php?rest_route=\/wp\/v2\/media\/99440"}],"wp:attachment":[{"href":"https:\/\/www.radioamigavallenar.cl\/index.php?rest_route=%2Fwp%2Fv2%2Fmedia&parent=99439"}],"wp:term":[{"taxonomy":"category","embeddable":true,"href":"https:\/\/www.radioamigavallenar.cl\/index.php?rest_route=%2Fwp%2Fv2%2Fcategories&post=99439"},{"taxonomy":"post_tag","embeddable":true,"href":"https:\/\/www.radioamigavallenar.cl\/index.php?rest_route=%2Fwp%2Fv2%2Ftags&post=99439"}],"curies":[{"name":"wp","href":"https:\/\/api.w.org\/{rel}","templated":true}]}}