{"id":99433,"date":"2026-03-11T00:00:39","date_gmt":"2026-03-11T03:00:39","guid":{"rendered":"https:\/\/www.radioamigavallenar.cl\/?p=99433"},"modified":"2026-03-10T22:40:15","modified_gmt":"2026-03-11T01:40:15","slug":"registran-importante-numero-de-polluelos-de-flamenco-en-el-humedal-salar-de-maricunga","status":"publish","type":"post","link":"https:\/\/www.radioamigavallenar.cl\/?p=99433","title":{"rendered":"Registran importante n\u00famero de polluelos de flamenco en el humedal salar de Maricunga"},"content":{"rendered":"<p>M\u00e1s de mil cr\u00edas de tres especies de flamenco que viven en Chile fueron avistadas en ciclo de monitoreo de las aves realizado en la Regi\u00f3n de Atacama.<\/p>\n<p>En el humedal del salar de Maricunga, a 3760 metros sobre el nivel del mar, guardaparques y profesionales de la Corporaci\u00f3n Nacional Forestal (CONAF), con apoyo de Fundaci\u00f3n Symbi\u00f3tica, registraron un total de 1032 polluelos de flamencos a fines de febrero, en la segunda etapa del monitoreo de colonias reproductivas de las tres especies de estas aves que anidan en el pa\u00eds.<\/p>\n<p>La importancia del hito se explica porque el conjunto de aves es la colonia m\u00e1s grande y pr\u00e1cticamente la \u00faltima que queda en el pa\u00eds de flamencos andinos (Phoenicoparrus andinus) en un contexto de acelerado calentamiento del planeta e intervenci\u00f3n humana en el humedal andino m\u00e1s austral del altiplano.<\/p>\n<p>As\u00ed lo anunci\u00f3 Sandra Morales P\u00e9rez, directora regional de CONAF Atacama, quien explic\u00f3 que, seg\u00fan las estimaciones del personal de la instituci\u00f3n, el porcentaje de cr\u00edas se desglosa en 80 % de flamencos andinos, 10 % de flamencos de James (Phoenicoparrus jamesi) y 10 % de chilenos (Phoenicopterus chilensis), respectivamente.<\/p>\n<p>Cabe se\u00f1alar que el proceso contempla cuatro fases, la primera, efectuada en diciembre del a\u00f1o pasado en la que se analiz\u00f3 la presencia de las aves en tres colonias del humedal: 1840 en la 1; 59 ejemplares en la 2; y 272 en la 3. La mayor\u00eda correspondi\u00f3 a flamencos andinos, que anidaron en la colonia 1 (80 %), mientras que en las restantes, correspondieron a flamencos de James y flamencos chilenos, explic\u00f3 C\u00e9sar Pizarro Gacit\u00faa, jefe de Conservaci\u00f3n de la Diversidad Biol\u00f3gica de CONAF Atacama. Agreg\u00f3 que \u201ccabe recordar que ya no hay nidificaciones de flamencos andinos en el salar de Atacama ni en el de Tara en la regi\u00f3n de Antofagasta hace varios a\u00f1os, siendo estas colonias en la regi\u00f3n de Atacama las \u00faltimas que van quedando en Chile de la especie\u201d.<\/p>\n<p>En tanto, en la segunda etapa, efectuada en febrero, \u201cnos entreg\u00f3 datos muy relevantes, donde guardaparques hallaron un total de 1043 polluelos de flamencos, que ya se van consolidando, creciendo para comenzar su proceso de volantones (pr\u00e1cticas de vuelo)\u201d, expres\u00f3.<\/p>\n<p>La tercera fase comprende los meses de febrero y marzo, en donde ser\u00e1 evaluado el estado de los polluelos, con la observaci\u00f3n de sus pr\u00e1cticas de vuelo y alimentaci\u00f3n en la gran laguna del salar de Maricunga. Finalmente, la \u00faltima etapa ocurrir\u00e1 en abril, cuando los volantones terminen sus pr\u00e1cticas de vuelo y despeguen para dirigirse a humedales de menor altitud para enfrentar el invierno, fecha en que el equipo de CONAF y Fundaci\u00f3n Symbi\u00f3tica evaluar\u00e1n el \u00e9xito reproductivo de las colonias.<\/p>\n<p>Sobre este \u00faltimo punto, Jorge Carabantes Ahumada, jefe del Departamento de \u00c1reas Protegidas de CONAF Atacama, sostuvo que es fundamental continuar con el trabajo colaborativo con otras entidades e instituciones. \u201cEstablecer esta alianza y v\u00ednculos de cooperaci\u00f3n refuerzan a\u00fan m\u00e1s el trabajo de nuestros guardaparques en el Parque Nacional Nevado de Tres Cruces y por ende, proyectan un camino de trabajo y gesti\u00f3n conjunta para velar por la conservaci\u00f3n de estos ecosistemas para las actuales y futuras generaciones\u201d, indic\u00f3.<\/p>\n<p>Respecto a la observaci\u00f3n de febrero, es necesario destacar que los polluelos de flamencos fueron observados caminando en fila, en direcci\u00f3n suroeste, entrando a la gran laguna del humedal salar de Maricunga, un registro poco com\u00fan de ver, seg\u00fan indic\u00f3 Pizarro.<\/p>\n<p>Agreg\u00f3 que la guarder\u00eda de polluelos era resguardada por cinco flamencos subadultos, que tambi\u00e9n es un registro poco usual. \u201cEstos ejemplares que cumplen una funci\u00f3n de cuidado, llamadas \u2018nodrizas\u2019 suelen tener a cargo no m\u00e1s de 100 polluelos, sin embargo en esta ocasi\u00f3n cada subadulto tiene a su cargo m\u00e1s de 200 polluelos, lo que podr\u00eda explicarse por haber encontrado cuatro ejemplares de flamencos andinos muertos en la zona de nidos\u201d, sostuvo.<\/p>\n<p>La gran laguna del salar de Maricunga se ubica a 4 km del l\u00edmite del Parque Nacional Nevado de Tres Cruces. Aunque est\u00e1 fuera de los l\u00edmites del \u00e1rea protegida administrada por CONAF, el organismo est\u00e1 a cargo del Plan de Conservaci\u00f3n de Flamencos Altoandinos y su H\u00e1bitat. Tambi\u00e9n, los flamencos son especies llamadas objetos de protecci\u00f3n de ambas \u00e1reas protegidas, es decir, del Parque Nacional y del sitio Ramsar o Humedal de Importancia Internacional Complejo Lacustre Laguna del Negro Francisco-Laguna Santa Rosa.<\/p>\n","protected":false},"excerpt":{"rendered":"<p>M\u00e1s de mil cr\u00edas de tres especies de flamenco que viven en Chile fueron avistadas en ciclo de monitoreo de las aves realizado en la&hellip; <\/p>\n","protected":false},"author":7,"featured_media":99434,"comment_status":"closed","ping_status":"closed","sticky":false,"template":"","format":"standard","meta":{"footnotes":""},"categories":[38],"tags":[],"class_list":["post-99433","post","type-post","status-publish","format-standard","has-post-thumbnail","hentry","category-portada-regional"],"_links":{"self":[{"href":"https:\/\/www.radioamigavallenar.cl\/index.php?rest_route=\/wp\/v2\/posts\/99433","targetHints":{"allow":["GET"]}}],"collection":[{"href":"https:\/\/www.radioamigavallenar.cl\/index.php?rest_route=\/wp\/v2\/posts"}],"about":[{"href":"https:\/\/www.radioamigavallenar.cl\/index.php?rest_route=\/wp\/v2\/types\/post"}],"author":[{"embeddable":true,"href":"https:\/\/www.radioamigavallenar.cl\/index.php?rest_route=\/wp\/v2\/users\/7"}],"replies":[{"embeddable":true,"href":"https:\/\/www.radioamigavallenar.cl\/index.php?rest_route=%2Fwp%2Fv2%2Fcomments&post=99433"}],"version-history":[{"count":1,"href":"https:\/\/www.radioamigavallenar.cl\/index.php?rest_route=\/wp\/v2\/posts\/99433\/revisions"}],"predecessor-version":[{"id":99435,"href":"https:\/\/www.radioamigavallenar.cl\/index.php?rest_route=\/wp\/v2\/posts\/99433\/revisions\/99435"}],"wp:featuredmedia":[{"embeddable":true,"href":"https:\/\/www.radioamigavallenar.cl\/index.php?rest_route=\/wp\/v2\/media\/99434"}],"wp:attachment":[{"href":"https:\/\/www.radioamigavallenar.cl\/index.php?rest_route=%2Fwp%2Fv2%2Fmedia&parent=99433"}],"wp:term":[{"taxonomy":"category","embeddable":true,"href":"https:\/\/www.radioamigavallenar.cl\/index.php?rest_route=%2Fwp%2Fv2%2Fcategories&post=99433"},{"taxonomy":"post_tag","embeddable":true,"href":"https:\/\/www.radioamigavallenar.cl\/index.php?rest_route=%2Fwp%2Fv2%2Ftags&post=99433"}],"curies":[{"name":"wp","href":"https:\/\/api.w.org\/{rel}","templated":true}]}}