{"id":99430,"date":"2026-03-11T00:00:17","date_gmt":"2026-03-11T03:00:17","guid":{"rendered":"https:\/\/www.radioamigavallenar.cl\/?p=99430"},"modified":"2026-03-11T10:05:01","modified_gmt":"2026-03-11T13:05:01","slug":"minvu-inaugura-311-viviendas-para-familias-de-caldera-y-copiapo","status":"publish","type":"post","link":"https:\/\/www.radioamigavallenar.cl\/?p=99430","title":{"rendered":"Minvu inaugura 311 viviendas para familias de Caldera y Copiap\u00f3"},"content":{"rendered":"<p>Con ejecuci\u00f3n hist\u00f3rica en Atacama, la Seremi Minvu Roc\u00edo D\u00edaz cierra su administraci\u00f3n entregando m\u00e1s de 6 mil 500 soluciones habitacionales.<\/p>\n<p>\u00b7 Viviendas inauguradas corresponden a dos proyectos habitacionales ubicados en el sector del ingreso sur de la comuna de Caldera, beneficiando a 151 familias de cuatro Comit\u00e9s Habitacionales, mientras que en Copiap\u00f3 se inauguraron 160 departamentos del Condominio \u201cEluney\u201d.<\/p>\n<p>Autoridades encabezadas por la Seremi Minvu, Roc\u00edo D\u00edaz G\u00f3mez y el Director del Serviu Atacama, Manuel Gonz\u00e1lez J\u00edmenez, junto a las familias de los Comit\u00e9s Habitacionales \u201cCaldera Viva\u201d, \u201cValles De Atacama\u201d, \u201cPaqari\u201d y finalmente \u201cPir\u00e1mides del Desierto\u201d, de la comuna de Caldera y \u201cLuchando por un Sue\u00f1o\u201d de Copiap\u00f3, inauguraron junto a autoridades regionales, provinciales y comunales sus viviendas definitivas.<\/p>\n<p>Los nuevos conjuntos habitacionales inaugurados en la ciudad de Caldera corresponden a la \u201cVilla Nuevo Horizonte\u201d (91 viviendas) y \u201cVilla Nuevo Desierto\u201d (60 viviendas) los que est\u00e1n ubicados en Avenida Canal Beagle esquina Blanco Encalada, consolidando este sector como un nuevo polo habitacional en la comuna. Ambos proyectos fueron subsidiados por el Ministerio de Vivienda y Urbanismo, MINVU, a trav\u00e9s del Fondo Solidario de Elecci\u00f3n de Vivienda, DS49, contando adem\u00e1s con aportes econ\u00f3micos del Gobierno Regional de Atacama.<\/p>\n<p>Estos proyectos fueron postulados en diciembre del a\u00f1o 2023 por la Entidad Patrocinante (EP) Ticsa consultores, mientras que la empresa a cargo de la ejecuci\u00f3n de las obras fue la empresa local Constructora Sysco.<\/p>\n<p>Sobre la ejecuci\u00f3n de estas obras en la comuna puerto, la Seremi MINVU, Roc\u00edo D\u00edaz, se\u00f1al\u00f3 que \u201cnuestra regi\u00f3n de Atacama ha sido protagonista del Plan de Emergencia Habitacional, PEH, con la entrega de 6.954 viviendas, alcanzando el 93% de avance del PEH, lo que significa que hemos llegado a m\u00e1s de 18 mil personas, considerando los n\u00facleos familiares a quienes hemos entregado viviendas definitivas. Llegar a esta cantidad de personas es un apoyo real y concreto y es lo que significa gobernar con visi\u00f3n de Estado\u201d resalt\u00f3 la autoridad, ocasi\u00f3n en la que aprovech\u00f3 de agradecer a las familias representadas en cada uno de los comit\u00e9s habitacionales e igualmente a los equipos de trabajo involucrados en la ejecuci\u00f3n de estos proyectos, instando finalmente a las familias a construir comunidad para que sus nuevos barrios florezcan y engrandezcan a la regi\u00f3n de Atacama.<\/p>\n<p>Por su parte la alcaldesa de Caldera, Brunilda Gonz\u00e1lez, agradeci\u00f3 las pol\u00edticas habitacionales del Presidente Gabriel Boric por la construcci\u00f3n de viviendas de calidad y en un tiempo r\u00e9cord, destacando la ejecuci\u00f3n del Plan de Emergencia Habitacional en la regi\u00f3n.<\/p>\n<p>En tanto la presidenta del Comit\u00e9 \u201cValles de Atacama\u201d, Claudia Villarroel, explic\u00f3 que \u201cel d\u00eda de hoy estamos recibiendo algo m\u00e1s que una casa, estamos recibiendo dignidad, tranquilidad y seguridad\u201d, recordando que \u201cpara tener hoy un hogar propio, fueron muchos los sacrificios que nos permitieron llegar hasta aqu\u00ed; hoy celebramos la comunidad y el futuro, deseando que estas casas se llenen de amor, alegr\u00eda y que sea el inicio de una nueva vida\u201d.<\/p>\n<p>Igualmente, la presidenta del Comit\u00e9 \u201cPaqari\u201d, Karen Roco, dijo sentirse honrada y orgullosa de todos los pasos que dieron y que permitieron llegar a este d\u00eda tan esperado como es la entrega de sus llaves, agradeciendo a todos los socios y socias de los comit\u00e9s involucrados por perseverar y llegar hasta el final con el sue\u00f1o de la casa propia.<\/p>\n<p style=\"text-align: center;\"><strong>Condominio ELUNEY en Copiap\u00f3<\/strong><\/p>\n<p>Este proyecto inaugurado y entregado a las beneficiarias del Comit\u00e9 \u201cLuchando por un sue\u00f1o\u201d, considera 160 departamentos, adem\u00e1s de 2 salas multiuso, \u00e1reas verdes y juegos infantiles y est\u00e1 ubicado en el Callej\u00f3n Bruno Pizarro N\u00b0440, siendo financiado por el MINVU a trav\u00e9s del Fondo Solidario de Elecci\u00f3n de Viviendas DS49 y aportes del Gobierno Regional de Atacama, GORE y que igualmente forma parte del Plan de Emergencia Habitacional del Gobierno del Presidente Gabriel Boric.<\/p>\n<p>La ejecuci\u00f3n de la obra estuvo a cargo de la empresa Comaser Construcci\u00f3n e Ingenier\u00eda LDTA y la Entidad Patrocinante, EP, fue Arquitectos Canto Hermosilla LTDA.<\/p>\n<p>Sobre la importancia de finalizar un proyecto y convertirlo en realidad, la presidenta del Comit\u00e9 Habitacional \u201cLuchando por un sue\u00f1o\u201d, Paulina Sed\u00e1n, destac\u00f3 que \u201choy al concluir una etapa con la entrega de nuestras llaves estamos felices no solo por nuestros departamentos, sino por todo lo que logramos construir como grupo, como comit\u00e9 y como las 160 familias que ahora seremos parte de este hermoso condominio. Gracias totales a todos quienes nos acompa\u00f1aron en el camino\u201d.<\/p>\n<p>Sobre la misma importancia de entregar viviendas para formar hogares, la Seremi Rocio D\u00edaz, destac\u00f3 que \u201cEl Plan de Emergencia Habitacional es un ejemplo de compromiso estatal que instala la vivienda como una prioridad, alcanzando la meta nacional de 260 mil viviendas entregadas a sus respectivos beneficiarios y beneficiarias y donde Atacama igualmente tuvo una ejecuci\u00f3n hist\u00f3rica que super\u00f3 con creces los promedios anuales de a\u00f1os anteriores, y donde alcanzamos un 93% de nuestra meta regional gracias al trabajo comprometido del funcionariado de la Seremi Minvu y Serviu\u201d y donde la principal ense\u00f1anza es que, cuando existe voluntad pol\u00edtica, el Estado puede ofrecer una alternativa real para abordar las crisis<\/p>\n<p>sociales y econ\u00f3micas del pa\u00eds\u201d, finalizando su intervenci\u00f3n con unas sentidas felicitaciones a las \u00faltimas 311 familias que recibieron las llaves de su vivienda definitiva bajo su mandato regional.<\/p>\n","protected":false},"excerpt":{"rendered":"<p>Con ejecuci\u00f3n hist\u00f3rica en Atacama, la Seremi Minvu Roc\u00edo D\u00edaz cierra su administraci\u00f3n entregando m\u00e1s de 6 mil 500 soluciones habitacionales. \u00b7 Viviendas inauguradas corresponden&hellip; <\/p>\n","protected":false},"author":7,"featured_media":99431,"comment_status":"closed","ping_status":"closed","sticky":false,"template":"","format":"standard","meta":{"footnotes":""},"categories":[38],"tags":[],"class_list":["post-99430","post","type-post","status-publish","format-standard","has-post-thumbnail","hentry","category-portada-regional"],"_links":{"self":[{"href":"https:\/\/www.radioamigavallenar.cl\/index.php?rest_route=\/wp\/v2\/posts\/99430","targetHints":{"allow":["GET"]}}],"collection":[{"href":"https:\/\/www.radioamigavallenar.cl\/index.php?rest_route=\/wp\/v2\/posts"}],"about":[{"href":"https:\/\/www.radioamigavallenar.cl\/index.php?rest_route=\/wp\/v2\/types\/post"}],"author":[{"embeddable":true,"href":"https:\/\/www.radioamigavallenar.cl\/index.php?rest_route=\/wp\/v2\/users\/7"}],"replies":[{"embeddable":true,"href":"https:\/\/www.radioamigavallenar.cl\/index.php?rest_route=%2Fwp%2Fv2%2Fcomments&post=99430"}],"version-history":[{"count":1,"href":"https:\/\/www.radioamigavallenar.cl\/index.php?rest_route=\/wp\/v2\/posts\/99430\/revisions"}],"predecessor-version":[{"id":99432,"href":"https:\/\/www.radioamigavallenar.cl\/index.php?rest_route=\/wp\/v2\/posts\/99430\/revisions\/99432"}],"wp:featuredmedia":[{"embeddable":true,"href":"https:\/\/www.radioamigavallenar.cl\/index.php?rest_route=\/wp\/v2\/media\/99431"}],"wp:attachment":[{"href":"https:\/\/www.radioamigavallenar.cl\/index.php?rest_route=%2Fwp%2Fv2%2Fmedia&parent=99430"}],"wp:term":[{"taxonomy":"category","embeddable":true,"href":"https:\/\/www.radioamigavallenar.cl\/index.php?rest_route=%2Fwp%2Fv2%2Fcategories&post=99430"},{"taxonomy":"post_tag","embeddable":true,"href":"https:\/\/www.radioamigavallenar.cl\/index.php?rest_route=%2Fwp%2Fv2%2Ftags&post=99430"}],"curies":[{"name":"wp","href":"https:\/\/api.w.org\/{rel}","templated":true}]}}