{"id":99424,"date":"2026-03-11T00:00:34","date_gmt":"2026-03-11T03:00:34","guid":{"rendered":"https:\/\/www.radioamigavallenar.cl\/?p=99424"},"modified":"2026-03-10T22:36:06","modified_gmt":"2026-03-11T01:36:06","slug":"copiapo-camara-de-comercio-concluyo-con-exito-programas-de-fortalecimiento-gremial-2025-de-sercotec","status":"publish","type":"post","link":"https:\/\/www.radioamigavallenar.cl\/?p=99424","title":{"rendered":"Copiap\u00f3: C\u00e1mara de Comercio concluy\u00f3 con \u00e9xito programas de \u201cFortalecimiento Gremial 2025\u201d de Sercotec"},"content":{"rendered":"<p>\u201cEl primer programa que es el \u201cFortalecimiento Gremial\u201d fue completado con totalidad, donde logramos importantes mejoras en nuestra sede con la instalaci\u00f3n el\u00e9ctrica en todo el lugar y la reparaci\u00f3n completa del sal\u00f3n de eventos. En cuanto al segundo proyecto, logramos avanzar de forma importante, hubo mucho apoyo en los gestores y de igual forma, el trabajo colaborativo entre los socios, fue clave para estar hoy en este cierre\u201d, coment\u00f3 la presidenta de la C\u00e1mara de Comercio y Turismo en Copiap\u00f3, Mar\u00eda Ang\u00e9lica Nara.<\/p>\n<p>Generar una estrategia com\u00fan que d\u00e9 sustento al desarrollo comercial y urbano del barrio en el mediano plazo, asegurando su sostenibilidad y capacidad de adaptaci\u00f3n a nuevos escenarios y fortalecer la asociatividad y herramientas organizativas que potencien a las organizaciones o agrupaciones representativas del barrio comercial, promoviendo su autogesti\u00f3n y autonom\u00eda, son parte de los objetivos que se llevaron a cabo en el proyecto del programa \u201cFortalecimiento Gremial 2025\u201d con la C\u00e1mara de Comercio y Turismo en Copiap\u00f3, instancia en donde se vieron beneficiados 10 socios y socias.<\/p>\n<p>&nbsp;<\/p>\n<p>\u201cMe siento muy contento porque desde hace alg\u00fan tiempo he implementado la digitalizaci\u00f3n en mi negocio, y con este proyecto lo que logr\u00e9 es mejorar, principalmente en la atenci\u00f3n a mi p\u00fablico, ya que con este nuevo sistema de punto de venta se hace m\u00e1s r\u00e1pido la venta\u201d, dijo V\u00edctor Gonz\u00e1lez, uno de los socios de la C\u00e1mara de Comercio y Turismo de Copiap\u00f3.<\/p>\n<p>&nbsp;<\/p>\n<p>En ese mismo sentido, el Director de Sercotec Atacama, Marcelo Quiroga, Indic\u00f3 que: \u201cEl Programa Fortalecimiento de Barrios Comerciales es un instrumento que tiene como objetivo promover la adopci\u00f3n de estrategias asociativas a nivel de barrio comercial. En esta ocasi\u00f3n el trabajo se realiz\u00f3 con la C\u00e1mara de Comercio Copiap\u00f3 en el barrio centro, donde se decidi\u00f3 concentrar la inversi\u00f3n de $20 millones de pesos en dos aspectos clave: adquirir soluciones tecnol\u00f3gicas para modernizar la gesti\u00f3n de los negocios, como notebooks y sistemas de punto de venta (POS); y fortalecer la identidad del barrio y el rol de la C\u00e1mara, dise\u00f1ando el logo del Barrio Comercial, adquiriendo \u00abmerchandising\u00bb y habilitando la sede\u00bb.<\/p>\n<p>En 2025, el foco de Sercotec fue la sostenibilidad de las pymes a trav\u00e9s de sus gremios, potenciando la asociatividad, donde adem\u00e1s, permiti\u00f3 que las asociaciones pudieran enfrentar desaf\u00edos como la digitalizaci\u00f3n y el cambio clim\u00e1tico.<\/p>\n<p>&nbsp;<\/p>\n<p style=\"text-align: center;\"><strong>Infraestructura<\/strong><\/p>\n<p>&nbsp;<\/p>\n<p>La Habilitaci\u00f3n de infraestructura con la renovaci\u00f3n integral del sistema el\u00e9ctrico junto con la mejora en cielos y revestimientos de los muros de la oficina gremial de la C\u00e1mara de Comercio y Turismo, fue el foco principal en cuanto al desarrollo del segundo programa, que fortaleci\u00f3 las capacidades de gesti\u00f3n de la asociaci\u00f3n gremial y as\u00ed permiti\u00f3 mejoras en brindar una atenci\u00f3n de calidad a los socios y socias, especialmente para reuniones y talleres.<\/p>\n<p>\u201cMuy agradecido de la invitaci\u00f3n a este doble de cierre de programa donde se ven beneficiado los socios y socias de la C\u00e1mara. Se entreg\u00f3 equipos para los socios y adem\u00e1s, hemos podido darnos cuenta los cambios al interior de la sede. Una gran noticia que recupera parte del barrio comercial en Copiap\u00f3\u201d, se\u00f1al\u00f3 Juan Carlos Pe\u00f1a, Seremi (s) Econom\u00eda Atacama.<\/p>\n<p>Federaciones gremiales regionales, asociaciones empresariales y gremiales, c\u00e1maras de comercio<\/p>\n<p>y\/o turismo, sindicatos de trabajadores independientes con fines productivos o de servicios, que se encuentren correctamente formalizadas y vigente. Dichas organizaciones deben estar integradas, mayoritariamente (50%+1), por micro y peque\u00f1as empresas.<\/p>\n<p>\u00abEn el segundo proyecto con el gremio los recursos fueron invertidos en infraestructura, donde se realiz\u00f3 una renovaci\u00f3n completa del sistema el\u00e9ctrico del lugar. Adem\u00e1s, hubo mejoras de cielos y revestimientos de muros en la oficina gremial. Fue una inversi\u00f3n total de casi $11 millones de pesos, la que permiti\u00f3 habilitar la sede como un espacio \u00f3ptimo para reuniones y talleres, cumpliendo con el objetivo del programa de fortalecer las capacidades de gesti\u00f3n de las asociaciones gremiales\u00bb, destac\u00f3 el director.<\/p>\n","protected":false},"excerpt":{"rendered":"<p>\u201cEl primer programa que es el \u201cFortalecimiento Gremial\u201d fue completado con totalidad, donde logramos importantes mejoras en nuestra sede con la instalaci\u00f3n el\u00e9ctrica en todo&hellip; <\/p>\n","protected":false},"author":7,"featured_media":99425,"comment_status":"closed","ping_status":"closed","sticky":false,"template":"","format":"standard","meta":{"footnotes":""},"categories":[38],"tags":[],"class_list":["post-99424","post","type-post","status-publish","format-standard","has-post-thumbnail","hentry","category-portada-regional"],"_links":{"self":[{"href":"https:\/\/www.radioamigavallenar.cl\/index.php?rest_route=\/wp\/v2\/posts\/99424","targetHints":{"allow":["GET"]}}],"collection":[{"href":"https:\/\/www.radioamigavallenar.cl\/index.php?rest_route=\/wp\/v2\/posts"}],"about":[{"href":"https:\/\/www.radioamigavallenar.cl\/index.php?rest_route=\/wp\/v2\/types\/post"}],"author":[{"embeddable":true,"href":"https:\/\/www.radioamigavallenar.cl\/index.php?rest_route=\/wp\/v2\/users\/7"}],"replies":[{"embeddable":true,"href":"https:\/\/www.radioamigavallenar.cl\/index.php?rest_route=%2Fwp%2Fv2%2Fcomments&post=99424"}],"version-history":[{"count":1,"href":"https:\/\/www.radioamigavallenar.cl\/index.php?rest_route=\/wp\/v2\/posts\/99424\/revisions"}],"predecessor-version":[{"id":99426,"href":"https:\/\/www.radioamigavallenar.cl\/index.php?rest_route=\/wp\/v2\/posts\/99424\/revisions\/99426"}],"wp:featuredmedia":[{"embeddable":true,"href":"https:\/\/www.radioamigavallenar.cl\/index.php?rest_route=\/wp\/v2\/media\/99425"}],"wp:attachment":[{"href":"https:\/\/www.radioamigavallenar.cl\/index.php?rest_route=%2Fwp%2Fv2%2Fmedia&parent=99424"}],"wp:term":[{"taxonomy":"category","embeddable":true,"href":"https:\/\/www.radioamigavallenar.cl\/index.php?rest_route=%2Fwp%2Fv2%2Fcategories&post=99424"},{"taxonomy":"post_tag","embeddable":true,"href":"https:\/\/www.radioamigavallenar.cl\/index.php?rest_route=%2Fwp%2Fv2%2Ftags&post=99424"}],"curies":[{"name":"wp","href":"https:\/\/api.w.org\/{rel}","templated":true}]}}